{"id":5460,"date":"2019-07-06T07:00:58","date_gmt":"2019-07-06T05:00:58","guid":{"rendered":"http:\/\/www.asmallkitcheningenoa.com\/?p=5460"},"modified":"2026-01-28T17:31:40","modified_gmt":"2026-01-28T16:31:40","slug":"cundigiun","status":"publish","type":"post","link":"https:\/\/www.asmallkitcheningenoa.com\/it\/cundigiun\/","title":{"rendered":"Il mio cundigiun di pomodori"},"content":{"rendered":"\n<p>Siamo in piena estate e non posso non raccontarti una delle insalate che meglio rappresentano questa stagione nella mia Liguria: il condigiun (o cundigiun o condiglione) di pomodori.<\/p>\n\n\n\n<p>E\u2019 un piatto della cucina popolare, casalinga, quotidiana e difficilmente codificabile. Se trovi una ricetta scritta devi prenderla solo come un\u2019ipotesi, non pi\u00f9 autorevole di quelle tramandate per generazioni di madre in figlia. Sar\u00e0 per questo che difficilmente il condigiun si trova nei men\u00f9 dei ristoranti: rimane una questione intima, familiare, facilmente opinabile. Questo per\u00f2 non significa che non si possa riscoprire, raccontare e far propria.<\/p>\n\n\n\n<div class=\"wp-block-image\"><figure class=\"aligncenter is-resized\"><img decoding=\"async\" src=\"http:\/\/www.asmallkitcheningenoa.com\/wp-content\/uploads\/2019\/06\/condijun-_asmallkitcheningenoa-4-683x1024.jpg\" alt=\"Cundigiun di pomodori _ asmallkitcheningenoa\" class=\"wp-image-5490\" width=\"800\" srcset=\"https:\/\/www.asmallkitcheningenoa.com\/wp-content\/uploads\/2019\/06\/condijun-_asmallkitcheningenoa-4-683x1024.jpg 683w, https:\/\/www.asmallkitcheningenoa.com\/wp-content\/uploads\/2019\/06\/condijun-_asmallkitcheningenoa-4-600x900.jpg 600w, https:\/\/www.asmallkitcheningenoa.com\/wp-content\/uploads\/2019\/06\/condijun-_asmallkitcheningenoa-4-200x300.jpg 200w, https:\/\/www.asmallkitcheningenoa.com\/wp-content\/uploads\/2019\/06\/condijun-_asmallkitcheningenoa-4-768x1152.jpg 768w, https:\/\/www.asmallkitcheningenoa.com\/wp-content\/uploads\/2019\/06\/condijun-_asmallkitcheningenoa-4-960x1440.jpg 960w\" sizes=\"(max-width: 683px) 100vw, 683px\" \/><\/figure><\/div>\n\n\n\n<div style=\"height:20px\" aria-hidden=\"true\" class=\"wp-block-spacer\"><\/div>\n\n\n\n<figure class=\"wp-block-image\"><img decoding=\"async\" width=\"1024\" height=\"683\" src=\"http:\/\/www.asmallkitcheningenoa.com\/wp-content\/uploads\/2019\/06\/condijun-di-pomodori_asmallkitcheningenoa-4-1024x683.jpg\" alt=\"Cundigiun di pomodori _ asmallkitcheningenoa\" class=\"wp-image-5487\" srcset=\"https:\/\/www.asmallkitcheningenoa.com\/wp-content\/uploads\/2019\/06\/condijun-di-pomodori_asmallkitcheningenoa-4-1024x683.jpg 1024w, https:\/\/www.asmallkitcheningenoa.com\/wp-content\/uploads\/2019\/06\/condijun-di-pomodori_asmallkitcheningenoa-4-600x400.jpg 600w, https:\/\/www.asmallkitcheningenoa.com\/wp-content\/uploads\/2019\/06\/condijun-di-pomodori_asmallkitcheningenoa-4-300x200.jpg 300w, https:\/\/www.asmallkitcheningenoa.com\/wp-content\/uploads\/2019\/06\/condijun-di-pomodori_asmallkitcheningenoa-4-768x512.jpg 768w, https:\/\/www.asmallkitcheningenoa.com\/wp-content\/uploads\/2019\/06\/condijun-di-pomodori_asmallkitcheningenoa-4-960x640.jpg 960w\" sizes=\"(max-width: 1024px) 100vw, 1024px\" \/><\/figure>\n\n\n\n<div style=\"height:20px\" aria-hidden=\"true\" class=\"wp-block-spacer\"><\/div>\n\n\n\n<div class=\"wp-block-columns has-2-columns is-layout-flex wp-container-core-columns-is-layout-9d6595d7 wp-block-columns-is-layout-flex\">\n<div class=\"wp-block-column is-layout-flow wp-block-column-is-layout-flow\">\n<figure class=\"wp-block-image\"><img decoding=\"async\" width=\"683\" height=\"1024\" src=\"http:\/\/www.asmallkitcheningenoa.com\/wp-content\/uploads\/2019\/06\/cundigiun_asmallkitcheningenoa-1-683x1024.jpg\" alt=\"\" class=\"wp-image-5470\" srcset=\"https:\/\/www.asmallkitcheningenoa.com\/wp-content\/uploads\/2019\/06\/cundigiun_asmallkitcheningenoa-1-683x1024.jpg 683w, https:\/\/www.asmallkitcheningenoa.com\/wp-content\/uploads\/2019\/06\/cundigiun_asmallkitcheningenoa-1-600x900.jpg 600w, https:\/\/www.asmallkitcheningenoa.com\/wp-content\/uploads\/2019\/06\/cundigiun_asmallkitcheningenoa-1-200x300.jpg 200w, https:\/\/www.asmallkitcheningenoa.com\/wp-content\/uploads\/2019\/06\/cundigiun_asmallkitcheningenoa-1-768x1152.jpg 768w, https:\/\/www.asmallkitcheningenoa.com\/wp-content\/uploads\/2019\/06\/cundigiun_asmallkitcheningenoa-1-960x1440.jpg 960w\" sizes=\"(max-width: 683px) 100vw, 683px\" \/><\/figure>\n<\/div>\n\n\n\n<div class=\"wp-block-column is-layout-flow wp-block-column-is-layout-flow\">\n<figure class=\"wp-block-image\"><img decoding=\"async\" width=\"683\" height=\"1024\" src=\"http:\/\/www.asmallkitcheningenoa.com\/wp-content\/uploads\/2019\/06\/cundigiun_asmallkitcheningenoa-2-683x1024.jpg\" alt=\"\" class=\"wp-image-5472\" srcset=\"https:\/\/www.asmallkitcheningenoa.com\/wp-content\/uploads\/2019\/06\/cundigiun_asmallkitcheningenoa-2-683x1024.jpg 683w, https:\/\/www.asmallkitcheningenoa.com\/wp-content\/uploads\/2019\/06\/cundigiun_asmallkitcheningenoa-2-600x900.jpg 600w, https:\/\/www.asmallkitcheningenoa.com\/wp-content\/uploads\/2019\/06\/cundigiun_asmallkitcheningenoa-2-200x300.jpg 200w, https:\/\/www.asmallkitcheningenoa.com\/wp-content\/uploads\/2019\/06\/cundigiun_asmallkitcheningenoa-2-768x1152.jpg 768w, https:\/\/www.asmallkitcheningenoa.com\/wp-content\/uploads\/2019\/06\/cundigiun_asmallkitcheningenoa-2-960x1440.jpg 960w\" sizes=\"(max-width: 683px) 100vw, 683px\" \/><\/figure>\n<\/div>\n<\/div>\n\n\n\n<p>Il&nbsp;<strong>Cundigiun&nbsp;&nbsp;<\/strong>pare trovi le sue origini nella Liguria di Ponente al confine con la Provenza, tanto che ricorda in parte la famosa&nbsp;<em>ni<\/em><em>\u00e7oise<\/em>francese. Nel tempo ha camminato lungo tutto l\u2019arco ligure andandosi via via modificando, come sempre avviene, in base alle zone, ai gusti familiari, alle stagioni, fino a raggiungere le tavole dei genovesi.<\/p>\n\n\n\n<p>Il Cundigiun racconta la storia dei contadini liguri, o meglio delle contadine liguri, che nell\u2019attesa dei mariti lontani, imbarcati su qualche peschereccio, lo consumavano per strada, riunite tutte intorno ad un unico piatto (u \u201c<em>grillettu<\/em>\u201d), tra un pettegolezzo e l\u2019altro.<\/p>\n\n\n\n<p>E\u2019 un\u2019insalata dove protagonista \u00e8 la verdura estiva che cresce negli stretti orti terrazzati della Liguria:&nbsp;<strong>pomodori, peperoni, cetrioli, cipolla rossa, fagiolini&nbsp;<\/strong>e, talvolta,<strong>patate<\/strong>.<\/p>\n\n\n\n<p>I pomodori, in particolare, sono della variet\u00e0 &#8220;<strong>cuore di bue<\/strong>&#8220;, quelli grossi, rugosi e carnosi che crescono nelle terre profumate di mare della Piana d&#8217;Albenga.<\/p>\n\n\n\n<div class=\"wp-block-columns has-2-columns is-layout-flex wp-container-core-columns-is-layout-9d6595d7 wp-block-columns-is-layout-flex\">\n<div class=\"wp-block-column is-layout-flow wp-block-column-is-layout-flow\">\n<figure class=\"wp-block-image\"><img decoding=\"async\" width=\"683\" height=\"1024\" src=\"http:\/\/www.asmallkitcheningenoa.com\/wp-content\/uploads\/2019\/06\/pomodori_asmallkitcheningenoa-4-1-683x1024.jpg\" alt=\"\" class=\"wp-image-5485\" srcset=\"https:\/\/www.asmallkitcheningenoa.com\/wp-content\/uploads\/2019\/06\/pomodori_asmallkitcheningenoa-4-1-683x1024.jpg 683w, https:\/\/www.asmallkitcheningenoa.com\/wp-content\/uploads\/2019\/06\/pomodori_asmallkitcheningenoa-4-1-600x900.jpg 600w, https:\/\/www.asmallkitcheningenoa.com\/wp-content\/uploads\/2019\/06\/pomodori_asmallkitcheningenoa-4-1-200x300.jpg 200w, https:\/\/www.asmallkitcheningenoa.com\/wp-content\/uploads\/2019\/06\/pomodori_asmallkitcheningenoa-4-1-768x1152.jpg 768w, https:\/\/www.asmallkitcheningenoa.com\/wp-content\/uploads\/2019\/06\/pomodori_asmallkitcheningenoa-4-1-960x1440.jpg 960w\" sizes=\"(max-width: 683px) 100vw, 683px\" \/><\/figure>\n<\/div>\n\n\n\n<div class=\"wp-block-column is-layout-flow wp-block-column-is-layout-flow\">\n<figure class=\"wp-block-image\"><img decoding=\"async\" width=\"3271\" height=\"4906\" src=\"http:\/\/www.asmallkitcheningenoa.com\/wp-content\/uploads\/2019\/06\/pomodori_asmallkitcheningenoa-1.jpg\" alt=\"\" class=\"wp-image-5476\" srcset=\"https:\/\/www.asmallkitcheningenoa.com\/wp-content\/uploads\/2019\/06\/pomodori_asmallkitcheningenoa-1.jpg 3271w, https:\/\/www.asmallkitcheningenoa.com\/wp-content\/uploads\/2019\/06\/pomodori_asmallkitcheningenoa-1-600x900.jpg 600w, https:\/\/www.asmallkitcheningenoa.com\/wp-content\/uploads\/2019\/06\/pomodori_asmallkitcheningenoa-1-200x300.jpg 200w, https:\/\/www.asmallkitcheningenoa.com\/wp-content\/uploads\/2019\/06\/pomodori_asmallkitcheningenoa-1-768x1152.jpg 768w, https:\/\/www.asmallkitcheningenoa.com\/wp-content\/uploads\/2019\/06\/pomodori_asmallkitcheningenoa-1-683x1024.jpg 683w, https:\/\/www.asmallkitcheningenoa.com\/wp-content\/uploads\/2019\/06\/pomodori_asmallkitcheningenoa-1-960x1440.jpg 960w\" sizes=\"(max-width: 3271px) 100vw, 3271px\" \/><\/figure>\n<\/div>\n<\/div>\n\n\n\n<p>Un\u2019insalata arricchita dal profumo delle abbondanti foglie di&nbsp;<strong>basilico&nbsp;<\/strong>spezzate grossolanamente con le mani, dal gusto intenso delle&nbsp;<strong>olive taggiasche&nbsp;<\/strong>e dalla presenza sapida e corposa delle&nbsp;<strong>acciughe sotto sale<\/strong>, prezioso alimento proteico che non mancava mai nelle dispense dei contadini liguri, anche dei pi\u00f9 poveri. Talvolta ci vanno anche le <strong>uova.<\/strong><\/p>\n\n\n\n<p>Un piatto, infine, che vuole essere condito con abbondante&nbsp;<strong>olio extravergine d\u2019oliva<\/strong>, come suggerisce il proverbio locale che recita:<\/p>\n\n\n\n<p>&nbsp;\u201c<em>non mi fido di tre cose: condiglione senza condimento, bella donna civettuola e contadino senza tridente<\/em>\u201d.<\/p>\n\n\n\n<div class=\"wp-block-columns has-2-columns is-layout-flex wp-container-core-columns-is-layout-9d6595d7 wp-block-columns-is-layout-flex\">\n<div class=\"wp-block-column is-layout-flow wp-block-column-is-layout-flow\">\n<figure class=\"wp-block-image\"><img decoding=\"async\" width=\"683\" height=\"1024\" src=\"http:\/\/www.asmallkitcheningenoa.com\/wp-content\/uploads\/2019\/06\/cundigiun-ligure_asmallkitcheningenoa-3-683x1024.jpg\" alt=\"Cundigiun di pomodori _ asmallkitcheningenoa\" class=\"wp-image-5468\" srcset=\"https:\/\/www.asmallkitcheningenoa.com\/wp-content\/uploads\/2019\/06\/cundigiun-ligure_asmallkitcheningenoa-3-683x1024.jpg 683w, https:\/\/www.asmallkitcheningenoa.com\/wp-content\/uploads\/2019\/06\/cundigiun-ligure_asmallkitcheningenoa-3-600x900.jpg 600w, https:\/\/www.asmallkitcheningenoa.com\/wp-content\/uploads\/2019\/06\/cundigiun-ligure_asmallkitcheningenoa-3-200x300.jpg 200w, https:\/\/www.asmallkitcheningenoa.com\/wp-content\/uploads\/2019\/06\/cundigiun-ligure_asmallkitcheningenoa-3-768x1152.jpg 768w, https:\/\/www.asmallkitcheningenoa.com\/wp-content\/uploads\/2019\/06\/cundigiun-ligure_asmallkitcheningenoa-3-960x1440.jpg 960w\" sizes=\"(max-width: 683px) 100vw, 683px\" \/><\/figure>\n<\/div>\n\n\n\n<div class=\"wp-block-column is-layout-flow wp-block-column-is-layout-flow\">\n<figure class=\"wp-block-image\"><img decoding=\"async\" width=\"683\" height=\"1024\" src=\"http:\/\/www.asmallkitcheningenoa.com\/wp-content\/uploads\/2019\/06\/condijun-_asmallkitcheningenoa-5-1-683x1024.jpg\" alt=\"Cundigiun di pomodori _ asmallkitcheningenoa\" class=\"wp-image-5502\" srcset=\"https:\/\/www.asmallkitcheningenoa.com\/wp-content\/uploads\/2019\/06\/condijun-_asmallkitcheningenoa-5-1-683x1024.jpg 683w, https:\/\/www.asmallkitcheningenoa.com\/wp-content\/uploads\/2019\/06\/condijun-_asmallkitcheningenoa-5-1-600x900.jpg 600w, https:\/\/www.asmallkitcheningenoa.com\/wp-content\/uploads\/2019\/06\/condijun-_asmallkitcheningenoa-5-1-200x300.jpg 200w, https:\/\/www.asmallkitcheningenoa.com\/wp-content\/uploads\/2019\/06\/condijun-_asmallkitcheningenoa-5-1-768x1152.jpg 768w, https:\/\/www.asmallkitcheningenoa.com\/wp-content\/uploads\/2019\/06\/condijun-_asmallkitcheningenoa-5-1-960x1440.jpg 960w\" sizes=\"(max-width: 683px) 100vw, 683px\" \/><\/figure>\n<\/div>\n<\/div>\n\n\n\n<p>Una variante molto diffusa del Cundigiun prevede l\u2019aggiunta delle tradizionali&nbsp;<strong>gallette del marinaio<\/strong>\u2013 un pane secco che un tempo veniva consumato a bordo della imbarcazioni dai marinai, appunto &#8211;&nbsp;&nbsp;forse per conferire pi\u00f9 sostanza all\u2019insalata trasformandola in un piatto unico completo e bilanciato. Le gallette vengono sempre leggermente ammorbidite con acqua e aceto e poi disposte sul fondo del piatto per raccogliere, impregnandosi, il succo dei pomodori e delle altre verdure. Questa \u00e8 la versione che io preferisco.<\/p>\n\n\n\n<p>Se poi hai il tempo di aspettare qualche ora prima di mangiarlo l\u2019attesa verr\u00e0 ampiamente ripagata!<\/p>\n\n\n\n<p>La ricetta che trovate qui \u00e8 la mia, quella che preparo per me a pranzo nelle giornate torride e che offro ai miei ospiti durante i corsi di cucina. Non ci sono fagiolini e uova, perch\u00e9 la preparo velocemente senza mettere nulla sul fuoco a bollire. Se volete arricchirla per\u00f2 aggiungetele pure e avrete un piatto ancor pi\u00f9 ricco.<\/p>\n\n\n\n<div style=\"height:57px\" aria-hidden=\"true\" class=\"wp-block-spacer\"><\/div>\n\n\n<style>\n    #zrdn-recipe-container {background-color:#ffffff;}#zrdn-recipe-container {border-color:#000000;}#zrdn-recipe-container, #zrdn-recipe-container h2, #zrdn-recipe-container h3, #zrdn-recipe-container h4 {color:#000000;}                   #zrdn-recipe-container ol.zrdn-bordered li:before,\n            #zrdn-recipe-container ul.zrdn-bordered li:before{\n                border: 2px solid #000000;\n                color: #000000;\n            }\n            #zrdn-recipe-container ol.zrdn-solid li:before,\n            #zrdn-recipe-container ul.zrdn-solid li:before{\n                background-color: #000000;\n            }\n            #zrdn-recipe-container ul.bullets li:before,\n            #zrdn-recipe-container ol.zrdn-counter li:before,\n            #zrdn-recipe-container ul.zrdn-counter li:before {\n                color: #000000;\n            }\n            #zrdn-recipe-container .zrdn-tag-item a, #zrdn-recipe-container .zrdn-tag-item{\n                color:#000000;\n            }\n       #zrdn-recipe-container {border-style:solid;}#zrdn-recipe-container a {color:#000000;}#zrdn-recipe-container {border-width:1px;}#zrdn-recipe-container {border-color:#000000;}#zrdn-recipe-container {border-radius:0px;}\n<\/style>\n<div id=\"zrdn-recipe-container\" class=\"default zrdn-recipe-126 zrdn-jump-to-link\" >\n    <div class=\"zrdn-block zrdn-block-100\">\n\t<div class=\"zrdn-block-wrap zrdn-recipe_title\"  ><h2 class=\"zrdn-element_recipe_title\">Cundigiun di pomodori<\/h2>\n<\/div>\n<div class=\"zrdn-block-wrap zrdn-actions\"  >\n\t\n\t<div class=\"zrdn-print-link\">\n\t\t\t\t<a title=\"Stampa questa ricetta\" href=\"javascript:void(0);\" onclick=\"zlrPrint('zrdn-recipe-container', 'https:\/\/www.asmallkitcheningenoa.com\/wp-content\/plugins\/zip-recipes\/'); return false\" rel=\"nofollow\">\n            <img decoding=\"async\" src=\"https:\/\/www.asmallkitcheningenoa.com\/wp-content\/plugins\/zip-recipes\/\/images\/print.png\" alt=\"Stampa questa ricetta\">\n\t\t<\/a>\n\t<\/div>\n<\/div>\n<div class=\"zrdn-block-wrap zrdn-divider\"  ><div class=\"zrdn-block-divider\"><\/div><\/div>\n\n<\/div><div class=\"zrdn-block zrdn-block-100\">\n\t<div class=\"zrdn-block-wrap zrdn-ingredients\"  ><h3 class=\"zrdn-recipe-label zrdn-ingredients-label\">\n    Ingredienti<\/h3>\n\n\n<ul class=\"zrdn-list zrdn-ingredients-list nobullets zrdn-element_ingredients\">\n            <li>2 gallette del marinaio (o, in mancanza, 2 fette di pane da bruschetta tostato)<\/li>\n\n            \n            <li>2 cucchiai di aceto di vino rosso<\/li>\n\n            \n            <li>\u00bd cipolla rossa<\/li>\n\n            \n            <li>1 kg di pomodori maturi (meglio variet\u00e0 cuore di bue)<\/li>\n\n            \n            <li>\u00bd  peperone giallo<\/li>\n\n            \n            <li>1 cetriolo sbucciato<\/li>\n\n            \n            <li>3 spicchi d&#8217;aglio interi<\/li>\n\n            \n            <li>1 manciata di olive taggiasche snocciolate<\/li>\n\n            \n            <li>2 acciughe sotto sale pulite<\/li>\n\n            \n            <li>2 uova (opzionali)<\/li>\n\n            \n            <li>100 g di fagiolini bolliti (opzionali)<\/li>\n\n            \n            <li>10 foglie di basilico<\/li>\n\n            \n            <li>olio extravergine d\u2019oliva<\/li>\n\n            \n            <li>sale<\/li>\n\n            \n            <li>pepe<\/li>\n\n            <\/ul>\n\n<\/div>\n<div class=\"zrdn-block-wrap zrdn-instructions\"  >    <h3 class=\"zrdn-recipe-label zrdn-instructions-label\">\n        Istruzioni    <\/h3>\n<ul class=\"zrdn-list zrdn-instructions-list nobullets  zrdn-element_instructions\">\n\t\t            <li>Versate in una ciotola un bicchiere d\u2019acqua e un cucchiaio d\u2019aceto e immergetevi per 2 minuti le gallette del marinaio grossolanamente spezzettate. Strizzatele e adagiatele sul fondo del piatto di portata e spolverate con un pizzico di sale. Se non avete le gallette del marinaio, tagliate a cubetti il pane tostato e mettetelo sul fondo del piatto di portata, irrorandolo con poca acqua, aceto e un pizzico di sale.<\/li>\n\t\t\n\t\t            <li>Se li avete mettete pulite e mettete a bollire i fagiolini. Bollite e le uova fino a quando non saranno sode.<\/li>\n\t\t\n\t\t            <li>Tagliate a fettine la cipolla rossa e mettetela a bagno in una ciotolina con un bicchiere d\u2019acqua e un cucchiaio d\u2019aceto.<\/li>\n\t\t\n\t\t            <li>Affettate dei pomodori in spicchi, il cetriolo a rondelle, il peperone giallo a listarelle e di volta in volta metteteli nel piatto di portata. Salate leggermente. Aggiungete i fagiolini lessati.  Scolate e strizzate le fettine di cipolla e aggiungetele all\u2019insalata. Aggiungete quindi le olive denocciolate, gli spicchi d\u2019aglio sbucciati e interi, i filetti d\u2019acciuga tagliati a pezzettini, le uova sode tagliate in quarti e le foglie di basilico tagliate grossolanamente.<\/li>\n\t\t\n\t\t            <li>Condite ancora con un pizzico di sale e abbondante olio d&#8217;oliva mescolando gentilmente e avendo cura di lasciare il pane sul fondo dell\u2019insalata.<\/li>\n\t\t\n\t\t            <li>Lasciate riposare per almeno un\u2019ora sotto ad un piatto e a temperatura ambiente prima di servire in tavola.<\/li>\n\t\t<\/ul><\/div>\n\n<\/div><div class=\"zrdn-block zrdn-block-0 print\">\n\t<div class=\"zrdn-block-wrap zrdn-permalink\"  ><\/div>\n\n<\/div><div class=\"zrdn-block zrdn-block-0\">\n\t<div class=\"zrdn-block-wrap zrdn-jsonld\"  ><script type=\"application\/ld+json\">\n    {\"@context\":\"http:\\\/\\\/schema.org\",\"@type\":\"Recipe\",\"description\":\"Cundigiun di pomodori\",\"image\":\"https:\\\/\\\/www.asmallkitcheningenoa.com\\\/wp-content\\\/uploads\\\/2019\\\/06\\\/cundigiun-_asmallkitcheningenoa-6.jpg\",\"recipeIngredient\":[\"2 gallette del marinaio (o, in mancanza, 2 fette di pane da bruschetta tostato)\",\"2 cucchiai di aceto di vino rosso\",\"\\u00bd cipolla rossa\",\"1 kg di pomodori maturi (meglio variet\\u00e0 cuore di bue)\",\"\\u00bd  peperone giallo\",\"1 cetriolo sbucciato\",\"3 spicchi d'aglio interi\",\"1 manciata di olive taggiasche snocciolate\",\"2 acciughe sotto sale pulite\",\"2 uova (opzionali)\",\"100 g di fagiolini bolliti (opzionali)\",\"10 foglie di basilico\",\"olio extravergine d\\u2019oliva\",\"sale\",\"pepe\"],\"name\":\"Cundigiun di pomodori\",\"recipeCategory\":\"Contorni\",\"cookTime\":\"PT0H0M\",\"prepTime\":\"PT0H0M\",\"recipeInstructions\":[\"Versate in una ciotola un bicchiere d\\u2019acqua e un cucchiaio d\\u2019aceto e immergetevi per 2 minuti le gallette del marinaio grossolanamente spezzettate. Strizzatele e adagiatele sul fondo del piatto di portata e spolverate con un pizzico di sale. Se non avete le gallette del marinaio, tagliate a cubetti il pane tostato e mettetelo sul fondo del piatto di portata, irrorandolo con poca acqua, aceto e un pizzico di sale.\",\"Se li avete mettete pulite e mettete a bollire i fagiolini. Bollite e le uova fino a quando non saranno sode.\",\"Tagliate a fettine la cipolla rossa e mettetela a bagno in una ciotolina con un bicchiere d\\u2019acqua e un cucchiaio d\\u2019aceto.\",\"Affettate dei pomodori in spicchi, il cetriolo a rondelle, il peperone giallo a listarelle e di volta in volta metteteli nel piatto di portata. Salate leggermente. Aggiungete i fagiolini lessati.  Scolate e strizzate le fettine di cipolla e aggiungetele all\\u2019insalata. Aggiungete quindi le olive denocciolate, gli spicchi d\\u2019aglio sbucciati e interi, i filetti d\\u2019acciuga tagliati a pezzettini, le uova sode tagliate in quarti e le foglie di basilico tagliate grossolanamente.\",\"Condite ancora con un pizzico di sale e abbondante olio d'oliva mescolando gentilmente e avendo cura di lasciare il pane sul fondo dell\\u2019insalata.\",\"Lasciate riposare per almeno un\\u2019ora sotto ad un piatto e a temperatura ambiente prima di servire in tavola.\"],\"author\":{\"@type\":\"Person\",\"name\":\"Enrica\"}}<\/script><\/div>\n\n<\/div>\n<\/div>\n\n\n<div style=\"height:61px\" aria-hidden=\"true\" class=\"wp-block-spacer\"><\/div>\n\n\n\n<figure class=\"wp-block-image\"><img decoding=\"async\" width=\"683\" height=\"1024\" src=\"http:\/\/www.asmallkitcheningenoa.com\/wp-content\/uploads\/2019\/06\/cundigiun-_asmallkitcheningenoa-6-683x1024.jpg\" alt=\"Cundigiun di pomodori _ asmallkitcheningenoa\" class=\"wp-image-5508\" srcset=\"https:\/\/www.asmallkitcheningenoa.com\/wp-content\/uploads\/2019\/06\/cundigiun-_asmallkitcheningenoa-6-683x1024.jpg 683w, https:\/\/www.asmallkitcheningenoa.com\/wp-content\/uploads\/2019\/06\/cundigiun-_asmallkitcheningenoa-6-600x900.jpg 600w, https:\/\/www.asmallkitcheningenoa.com\/wp-content\/uploads\/2019\/06\/cundigiun-_asmallkitcheningenoa-6-200x300.jpg 200w, https:\/\/www.asmallkitcheningenoa.com\/wp-content\/uploads\/2019\/06\/cundigiun-_asmallkitcheningenoa-6-768x1152.jpg 768w, https:\/\/www.asmallkitcheningenoa.com\/wp-content\/uploads\/2019\/06\/cundigiun-_asmallkitcheningenoa-6-960x1440.jpg 960w\" sizes=\"(max-width: 683px) 100vw, 683px\" \/><\/figure>\n\n\n\n<div style=\"height:46px\" aria-hidden=\"true\" class=\"wp-block-spacer\"><\/div>\n\n\n\n<hr class=\"wp-block-separator\"\/>\n\n\n\n<div style=\"height:40px\" aria-hidden=\"true\" class=\"wp-block-spacer\"><\/div>\n\n\n\n<p style=\"text-align:center\" class=\"has-background has-luminous-vivid-amber-background-color\">Ti \u00e8 piaciuta questa ricetta? Non perdere le prossime e iscriviti alla mia<\/p>\n\n\n\n<p style=\"text-align:center\" class=\"has-background has-luminous-vivid-amber-background-color\">NEWSLETTER!<\/p>\n\n\n\n<div style=\"height:41px\" aria-hidden=\"true\" class=\"wp-block-spacer\"><\/div>\n\n\n","protected":false},"excerpt":{"rendered":"<p>Siamo in piena estate e non posso non raccontarti una delle insalate che meglio rappresentano questa stagione nella mia Liguria: il condigiun (o cundigiun o condiglione) di pomodori. E\u2019 un piatto della cucina popolare, casalinga, quotidiana e difficilmente codificabile. Se trovi una ricetta scritta devi prenderla solo come un\u2019ipotesi, non pi\u00f9 autorevole di quelle tramandate [&hellip;]<\/p>\n","protected":false},"author":2,"featured_media":5508,"comment_status":"closed","ping_status":"open","sticky":false,"template":"","format":"standard","meta":{"_et_pb_use_builder":"","_et_pb_old_content":"","_et_gb_content_width":"","footnotes":""},"categories":[54,44,45,46],"tags":[],"class_list":["post-5460","post","type-post","status-publish","format-standard","has-post-thumbnail","hentry","category-contorni","category-ricette","category-ricette-liguri","category-ricette-vegetariane"],"yoast_head":"<!-- This site is optimized with the Yoast SEO plugin v27.3 - https:\/\/yoast.com\/product\/yoast-seo-wordpress\/ -->\n<title>Il mio cundigiun di pomodori - A Small Kitchen in Genoa<\/title>\n<meta name=\"description\" content=\"Il cundigiun di pomodori \u00e8 un&#039;insalata tradizionale della Liguria con verdure estive e freschissima. Qui la mia ricetta.\" \/>\n<meta name=\"robots\" content=\"index, follow, max-snippet:-1, max-image-preview:large, max-video-preview:-1\" \/>\n<link rel=\"canonical\" href=\"https:\/\/www.asmallkitcheningenoa.com\/it\/cundigiun\/\" \/>\n<meta property=\"og:locale\" content=\"it_IT\" \/>\n<meta property=\"og:type\" content=\"article\" \/>\n<meta property=\"og:title\" content=\"Il mio cundigiun di pomodori - A Small Kitchen in Genoa\" \/>\n<meta property=\"og:description\" content=\"Il cundigiun di pomodori \u00e8 un&#039;insalata tradizionale della Liguria con verdure estive e freschissima. Qui la mia ricetta.\" \/>\n<meta property=\"og:url\" content=\"https:\/\/www.asmallkitcheningenoa.com\/it\/cundigiun\/\" \/>\n<meta property=\"og:site_name\" content=\"A Small Kitchen in Genoa\" \/>\n<meta property=\"article:published_time\" content=\"2019-07-06T05:00:58+00:00\" \/>\n<meta property=\"article:modified_time\" content=\"2026-01-28T16:31:40+00:00\" \/>\n<meta property=\"og:image\" content=\"https:\/\/www.asmallkitcheningenoa.com\/wp-content\/uploads\/2019\/06\/cundigiun-_asmallkitcheningenoa-6.jpg\" \/>\n\t<meta property=\"og:image:width\" content=\"4000\" \/>\n\t<meta property=\"og:image:height\" content=\"6000\" \/>\n\t<meta property=\"og:image:type\" content=\"image\/jpeg\" \/>\n<meta name=\"author\" content=\"Enrica\" \/>\n<meta name=\"twitter:card\" content=\"summary_large_image\" \/>\n<meta name=\"twitter:creator\" content=\"@smallkitchengoa\" \/>\n<meta name=\"twitter:site\" content=\"@smallkitchengoa\" \/>\n<meta name=\"twitter:label1\" content=\"Scritto da\" \/>\n\t<meta name=\"twitter:data1\" content=\"Enrica\" \/>\n\t<meta name=\"twitter:label2\" content=\"Tempo di lettura stimato\" \/>\n\t<meta name=\"twitter:data2\" content=\"3 minuti\" \/>\n<script type=\"application\/ld+json\" class=\"yoast-schema-graph\">{\"@context\":\"https:\\\/\\\/schema.org\",\"@graph\":[{\"@type\":\"Article\",\"@id\":\"https:\\\/\\\/www.asmallkitcheningenoa.com\\\/it\\\/cundigiun\\\/#article\",\"isPartOf\":{\"@id\":\"https:\\\/\\\/www.asmallkitcheningenoa.com\\\/it\\\/cundigiun\\\/\"},\"author\":{\"name\":\"Enrica\",\"@id\":\"https:\\\/\\\/www.asmallkitcheningenoa.com\\\/it\\\/#\\\/schema\\\/person\\\/16146b00827b1c550e8c907884fd2c1d\"},\"headline\":\"Il mio cundigiun di pomodori\",\"datePublished\":\"2019-07-06T05:00:58+00:00\",\"dateModified\":\"2026-01-28T16:31:40+00:00\",\"mainEntityOfPage\":{\"@id\":\"https:\\\/\\\/www.asmallkitcheningenoa.com\\\/it\\\/cundigiun\\\/\"},\"wordCount\":522,\"publisher\":{\"@id\":\"https:\\\/\\\/www.asmallkitcheningenoa.com\\\/it\\\/#\\\/schema\\\/person\\\/16146b00827b1c550e8c907884fd2c1d\"},\"image\":{\"@id\":\"https:\\\/\\\/www.asmallkitcheningenoa.com\\\/it\\\/cundigiun\\\/#primaryimage\"},\"thumbnailUrl\":\"https:\\\/\\\/www.asmallkitcheningenoa.com\\\/wp-content\\\/uploads\\\/2019\\\/06\\\/cundigiun-_asmallkitcheningenoa-6.jpg\",\"articleSection\":[\"Contorni\",\"Ricette\",\"Ricette liguri\",\"Ricette vegetariane\"],\"inLanguage\":\"it-IT\"},{\"@type\":\"WebPage\",\"@id\":\"https:\\\/\\\/www.asmallkitcheningenoa.com\\\/it\\\/cundigiun\\\/\",\"url\":\"https:\\\/\\\/www.asmallkitcheningenoa.com\\\/it\\\/cundigiun\\\/\",\"name\":\"Il mio cundigiun di pomodori - A Small Kitchen in Genoa\",\"isPartOf\":{\"@id\":\"https:\\\/\\\/www.asmallkitcheningenoa.com\\\/it\\\/#website\"},\"primaryImageOfPage\":{\"@id\":\"https:\\\/\\\/www.asmallkitcheningenoa.com\\\/it\\\/cundigiun\\\/#primaryimage\"},\"image\":{\"@id\":\"https:\\\/\\\/www.asmallkitcheningenoa.com\\\/it\\\/cundigiun\\\/#primaryimage\"},\"thumbnailUrl\":\"https:\\\/\\\/www.asmallkitcheningenoa.com\\\/wp-content\\\/uploads\\\/2019\\\/06\\\/cundigiun-_asmallkitcheningenoa-6.jpg\",\"datePublished\":\"2019-07-06T05:00:58+00:00\",\"dateModified\":\"2026-01-28T16:31:40+00:00\",\"description\":\"Il cundigiun di pomodori \u00e8 un'insalata tradizionale della Liguria con verdure estive e freschissima. Qui la mia ricetta.\",\"breadcrumb\":{\"@id\":\"https:\\\/\\\/www.asmallkitcheningenoa.com\\\/it\\\/cundigiun\\\/#breadcrumb\"},\"inLanguage\":\"it-IT\",\"potentialAction\":[{\"@type\":\"ReadAction\",\"target\":[\"https:\\\/\\\/www.asmallkitcheningenoa.com\\\/it\\\/cundigiun\\\/\"]}]},{\"@type\":\"ImageObject\",\"inLanguage\":\"it-IT\",\"@id\":\"https:\\\/\\\/www.asmallkitcheningenoa.com\\\/it\\\/cundigiun\\\/#primaryimage\",\"url\":\"https:\\\/\\\/www.asmallkitcheningenoa.com\\\/wp-content\\\/uploads\\\/2019\\\/06\\\/cundigiun-_asmallkitcheningenoa-6.jpg\",\"contentUrl\":\"https:\\\/\\\/www.asmallkitcheningenoa.com\\\/wp-content\\\/uploads\\\/2019\\\/06\\\/cundigiun-_asmallkitcheningenoa-6.jpg\",\"width\":4000,\"height\":6000},{\"@type\":\"BreadcrumbList\",\"@id\":\"https:\\\/\\\/www.asmallkitcheningenoa.com\\\/it\\\/cundigiun\\\/#breadcrumb\",\"itemListElement\":[{\"@type\":\"ListItem\",\"position\":1,\"name\":\"Home\",\"item\":\"https:\\\/\\\/www.asmallkitcheningenoa.com\\\/it\\\/\"},{\"@type\":\"ListItem\",\"position\":2,\"name\":\"Ricette\",\"item\":\"https:\\\/\\\/www.asmallkitcheningenoa.com\\\/it\\\/category\\\/ricette\\\/\"},{\"@type\":\"ListItem\",\"position\":3,\"name\":\"Ricette liguri\",\"item\":\"https:\\\/\\\/www.asmallkitcheningenoa.com\\\/it\\\/category\\\/ricette\\\/ricette-liguri\\\/\"},{\"@type\":\"ListItem\",\"position\":4,\"name\":\"Il mio cundigiun di pomodori\"}]},{\"@type\":\"WebSite\",\"@id\":\"https:\\\/\\\/www.asmallkitcheningenoa.com\\\/it\\\/#website\",\"url\":\"https:\\\/\\\/www.asmallkitcheningenoa.com\\\/it\\\/\",\"name\":\"A Small Kitchen in Genoa\",\"description\":\"Recipes and slow food stories from the Italian Riviera\",\"publisher\":{\"@id\":\"https:\\\/\\\/www.asmallkitcheningenoa.com\\\/it\\\/#\\\/schema\\\/person\\\/16146b00827b1c550e8c907884fd2c1d\"},\"potentialAction\":[{\"@type\":\"SearchAction\",\"target\":{\"@type\":\"EntryPoint\",\"urlTemplate\":\"https:\\\/\\\/www.asmallkitcheningenoa.com\\\/it\\\/?s={search_term_string}\"},\"query-input\":{\"@type\":\"PropertyValueSpecification\",\"valueRequired\":true,\"valueName\":\"search_term_string\"}}],\"inLanguage\":\"it-IT\"},{\"@type\":[\"Person\",\"Organization\"],\"@id\":\"https:\\\/\\\/www.asmallkitcheningenoa.com\\\/it\\\/#\\\/schema\\\/person\\\/16146b00827b1c550e8c907884fd2c1d\",\"name\":\"Enrica\",\"image\":{\"@type\":\"ImageObject\",\"inLanguage\":\"it-IT\",\"@id\":\"https:\\\/\\\/www.asmallkitcheningenoa.com\\\/wp-content\\\/uploads\\\/2019\\\/12\\\/Enrica-Monzani-_asmallkitcheningenoa_-2.jpg\",\"url\":\"https:\\\/\\\/www.asmallkitcheningenoa.com\\\/wp-content\\\/uploads\\\/2019\\\/12\\\/Enrica-Monzani-_asmallkitcheningenoa_-2.jpg\",\"contentUrl\":\"https:\\\/\\\/www.asmallkitcheningenoa.com\\\/wp-content\\\/uploads\\\/2019\\\/12\\\/Enrica-Monzani-_asmallkitcheningenoa_-2.jpg\",\"width\":800,\"height\":791,\"caption\":\"Enrica\"},\"logo\":{\"@id\":\"https:\\\/\\\/www.asmallkitcheningenoa.com\\\/wp-content\\\/uploads\\\/2019\\\/12\\\/Enrica-Monzani-_asmallkitcheningenoa_-2.jpg\"}}]}<\/script>\n<!-- \/ Yoast SEO plugin. -->","yoast_head_json":{"title":"Il mio cundigiun di pomodori - A Small Kitchen in Genoa","description":"Il cundigiun di pomodori \u00e8 un'insalata tradizionale della Liguria con verdure estive e freschissima. Qui la mia ricetta.","robots":{"index":"index","follow":"follow","max-snippet":"max-snippet:-1","max-image-preview":"max-image-preview:large","max-video-preview":"max-video-preview:-1"},"canonical":"https:\/\/www.asmallkitcheningenoa.com\/it\/cundigiun\/","og_locale":"it_IT","og_type":"article","og_title":"Il mio cundigiun di pomodori - A Small Kitchen in Genoa","og_description":"Il cundigiun di pomodori \u00e8 un'insalata tradizionale della Liguria con verdure estive e freschissima. Qui la mia ricetta.","og_url":"https:\/\/www.asmallkitcheningenoa.com\/it\/cundigiun\/","og_site_name":"A Small Kitchen in Genoa","article_published_time":"2019-07-06T05:00:58+00:00","article_modified_time":"2026-01-28T16:31:40+00:00","og_image":[{"width":4000,"height":6000,"url":"https:\/\/www.asmallkitcheningenoa.com\/wp-content\/uploads\/2019\/06\/cundigiun-_asmallkitcheningenoa-6.jpg","type":"image\/jpeg"}],"author":"Enrica","twitter_card":"summary_large_image","twitter_creator":"@smallkitchengoa","twitter_site":"@smallkitchengoa","twitter_misc":{"Scritto da":"Enrica","Tempo di lettura stimato":"3 minuti"},"schema":{"@context":"https:\/\/schema.org","@graph":[{"@type":"Article","@id":"https:\/\/www.asmallkitcheningenoa.com\/it\/cundigiun\/#article","isPartOf":{"@id":"https:\/\/www.asmallkitcheningenoa.com\/it\/cundigiun\/"},"author":{"name":"Enrica","@id":"https:\/\/www.asmallkitcheningenoa.com\/it\/#\/schema\/person\/16146b00827b1c550e8c907884fd2c1d"},"headline":"Il mio cundigiun di pomodori","datePublished":"2019-07-06T05:00:58+00:00","dateModified":"2026-01-28T16:31:40+00:00","mainEntityOfPage":{"@id":"https:\/\/www.asmallkitcheningenoa.com\/it\/cundigiun\/"},"wordCount":522,"publisher":{"@id":"https:\/\/www.asmallkitcheningenoa.com\/it\/#\/schema\/person\/16146b00827b1c550e8c907884fd2c1d"},"image":{"@id":"https:\/\/www.asmallkitcheningenoa.com\/it\/cundigiun\/#primaryimage"},"thumbnailUrl":"https:\/\/www.asmallkitcheningenoa.com\/wp-content\/uploads\/2019\/06\/cundigiun-_asmallkitcheningenoa-6.jpg","articleSection":["Contorni","Ricette","Ricette liguri","Ricette vegetariane"],"inLanguage":"it-IT"},{"@type":"WebPage","@id":"https:\/\/www.asmallkitcheningenoa.com\/it\/cundigiun\/","url":"https:\/\/www.asmallkitcheningenoa.com\/it\/cundigiun\/","name":"Il mio cundigiun di pomodori - A Small Kitchen in Genoa","isPartOf":{"@id":"https:\/\/www.asmallkitcheningenoa.com\/it\/#website"},"primaryImageOfPage":{"@id":"https:\/\/www.asmallkitcheningenoa.com\/it\/cundigiun\/#primaryimage"},"image":{"@id":"https:\/\/www.asmallkitcheningenoa.com\/it\/cundigiun\/#primaryimage"},"thumbnailUrl":"https:\/\/www.asmallkitcheningenoa.com\/wp-content\/uploads\/2019\/06\/cundigiun-_asmallkitcheningenoa-6.jpg","datePublished":"2019-07-06T05:00:58+00:00","dateModified":"2026-01-28T16:31:40+00:00","description":"Il cundigiun di pomodori \u00e8 un'insalata tradizionale della Liguria con verdure estive e freschissima. Qui la mia ricetta.","breadcrumb":{"@id":"https:\/\/www.asmallkitcheningenoa.com\/it\/cundigiun\/#breadcrumb"},"inLanguage":"it-IT","potentialAction":[{"@type":"ReadAction","target":["https:\/\/www.asmallkitcheningenoa.com\/it\/cundigiun\/"]}]},{"@type":"ImageObject","inLanguage":"it-IT","@id":"https:\/\/www.asmallkitcheningenoa.com\/it\/cundigiun\/#primaryimage","url":"https:\/\/www.asmallkitcheningenoa.com\/wp-content\/uploads\/2019\/06\/cundigiun-_asmallkitcheningenoa-6.jpg","contentUrl":"https:\/\/www.asmallkitcheningenoa.com\/wp-content\/uploads\/2019\/06\/cundigiun-_asmallkitcheningenoa-6.jpg","width":4000,"height":6000},{"@type":"BreadcrumbList","@id":"https:\/\/www.asmallkitcheningenoa.com\/it\/cundigiun\/#breadcrumb","itemListElement":[{"@type":"ListItem","position":1,"name":"Home","item":"https:\/\/www.asmallkitcheningenoa.com\/it\/"},{"@type":"ListItem","position":2,"name":"Ricette","item":"https:\/\/www.asmallkitcheningenoa.com\/it\/category\/ricette\/"},{"@type":"ListItem","position":3,"name":"Ricette liguri","item":"https:\/\/www.asmallkitcheningenoa.com\/it\/category\/ricette\/ricette-liguri\/"},{"@type":"ListItem","position":4,"name":"Il mio cundigiun di pomodori"}]},{"@type":"WebSite","@id":"https:\/\/www.asmallkitcheningenoa.com\/it\/#website","url":"https:\/\/www.asmallkitcheningenoa.com\/it\/","name":"A Small Kitchen in Genoa","description":"Recipes and slow food stories from the Italian Riviera","publisher":{"@id":"https:\/\/www.asmallkitcheningenoa.com\/it\/#\/schema\/person\/16146b00827b1c550e8c907884fd2c1d"},"potentialAction":[{"@type":"SearchAction","target":{"@type":"EntryPoint","urlTemplate":"https:\/\/www.asmallkitcheningenoa.com\/it\/?s={search_term_string}"},"query-input":{"@type":"PropertyValueSpecification","valueRequired":true,"valueName":"search_term_string"}}],"inLanguage":"it-IT"},{"@type":["Person","Organization"],"@id":"https:\/\/www.asmallkitcheningenoa.com\/it\/#\/schema\/person\/16146b00827b1c550e8c907884fd2c1d","name":"Enrica","image":{"@type":"ImageObject","inLanguage":"it-IT","@id":"https:\/\/www.asmallkitcheningenoa.com\/wp-content\/uploads\/2019\/12\/Enrica-Monzani-_asmallkitcheningenoa_-2.jpg","url":"https:\/\/www.asmallkitcheningenoa.com\/wp-content\/uploads\/2019\/12\/Enrica-Monzani-_asmallkitcheningenoa_-2.jpg","contentUrl":"https:\/\/www.asmallkitcheningenoa.com\/wp-content\/uploads\/2019\/12\/Enrica-Monzani-_asmallkitcheningenoa_-2.jpg","width":800,"height":791,"caption":"Enrica"},"logo":{"@id":"https:\/\/www.asmallkitcheningenoa.com\/wp-content\/uploads\/2019\/12\/Enrica-Monzani-_asmallkitcheningenoa_-2.jpg"}}]}},"_links":{"self":[{"href":"https:\/\/www.asmallkitcheningenoa.com\/it\/wp-json\/wp\/v2\/posts\/5460","targetHints":{"allow":["GET"]}}],"collection":[{"href":"https:\/\/www.asmallkitcheningenoa.com\/it\/wp-json\/wp\/v2\/posts"}],"about":[{"href":"https:\/\/www.asmallkitcheningenoa.com\/it\/wp-json\/wp\/v2\/types\/post"}],"author":[{"embeddable":true,"href":"https:\/\/www.asmallkitcheningenoa.com\/it\/wp-json\/wp\/v2\/users\/2"}],"replies":[{"embeddable":true,"href":"https:\/\/www.asmallkitcheningenoa.com\/it\/wp-json\/wp\/v2\/comments?post=5460"}],"version-history":[{"count":0,"href":"https:\/\/www.asmallkitcheningenoa.com\/it\/wp-json\/wp\/v2\/posts\/5460\/revisions"}],"wp:featuredmedia":[{"embeddable":true,"href":"https:\/\/www.asmallkitcheningenoa.com\/it\/wp-json\/wp\/v2\/media\/5508"}],"wp:attachment":[{"href":"https:\/\/www.asmallkitcheningenoa.com\/it\/wp-json\/wp\/v2\/media?parent=5460"}],"wp:term":[{"taxonomy":"category","embeddable":true,"href":"https:\/\/www.asmallkitcheningenoa.com\/it\/wp-json\/wp\/v2\/categories?post=5460"},{"taxonomy":"post_tag","embeddable":true,"href":"https:\/\/www.asmallkitcheningenoa.com\/it\/wp-json\/wp\/v2\/tags?post=5460"}],"curies":[{"name":"wp","href":"https:\/\/api.w.org\/{rel}","templated":true}]}}