{"id":14863,"date":"2023-04-02T12:26:00","date_gmt":"2023-04-02T10:26:00","guid":{"rendered":"http:\/\/www.asmallkitcheningenoa.com\/?p=14863"},"modified":"2026-01-28T17:30:05","modified_gmt":"2026-01-28T16:30:05","slug":"10-ricette-per-pasqua-della-tradizione-ligure","status":"publish","type":"post","link":"https:\/\/www.asmallkitcheningenoa.com\/it\/10-ricette-per-pasqua-della-tradizione-ligure\/","title":{"rendered":"10 ricette per Pasqua della tradizione ligure"},"content":{"rendered":"\n<p>Ecco le ricette liguri che cucino per Pasqua.<\/p>\n\n\n\n<p>Se stai cercando ispirazione per il tuo men\u00f9 di Pasqua, qui troverai una collezione dei piatti che compaiono pi\u00f9 spesso sulle tavole pasquali in Liguria.<\/p>\n\n\n\n<p>La maggior parte sono ricette dettate dalla stagionalit\u00e0. Anche l\u2019influenza religiosa per\u00f2 \u00e8 evidente, in quanto molti ingredienti hanno vuoi un significato legato alla resurrezione di Cristo, vuoi ai giorni di magro che caratterizzano il periodo quaresimale.<\/p>\n\n\n\n<p>Tutte le ricette sono gi\u00e0 sul blog, quindi basta cliccare sul piatto che ti ispira di pi\u00f9 e buttare gi\u00f9 la lista della spesa.<\/p>\n\n\n\n<p><strong>Un suggerimento<\/strong>: festeggia portando la primavera in tavola! Raccogli dei fiori di campo, sistemali come centro tavola e, perch\u00e9 no, aggiungili anche alla tua insalata!<\/p>\n\n\n\n<div style=\"height:20px\" aria-hidden=\"true\" class=\"wp-block-spacer\"><\/div>\n\n\n\n<h2 class=\"wp-block-heading\">Antipasti liguri pasquali<\/h2>\n\n\n\n<div style=\"height:30px\" aria-hidden=\"true\" class=\"wp-block-spacer\"><\/div>\n\n\n\n<div class=\"wp-block-columns is-layout-flex wp-container-core-columns-is-layout-9d6595d7 wp-block-columns-is-layout-flex\">\n<div class=\"wp-block-column is-layout-flow wp-block-column-is-layout-flow\" style=\"flex-basis:33.33%\">\n<figure class=\"wp-block-image size-full\"><img decoding=\"async\" width=\"627\" height=\"684\" src=\"http:\/\/www.asmallkitcheningenoa.com\/wp-content\/uploads\/2023\/04\/pesto-di-fave_asmallkicheningenoa2.webp\" alt=\"\" class=\"wp-image-14973\" srcset=\"http:\/\/www.asmallkitcheningenoa.com\/wp-content\/uploads\/2023\/04\/pesto-di-fave_asmallkicheningenoa2.webp 627w, http:\/\/www.asmallkitcheningenoa.com\/wp-content\/uploads\/2023\/04\/pesto-di-fave_asmallkicheningenoa2-480x524.webp 480w\" sizes=\"(min-width: 0px) and (max-width: 480px) 480px, (min-width: 481px) 627px, 100vw\" \/><\/figure>\n<\/div>\n\n\n\n<div class=\"wp-block-column is-layout-flow wp-block-column-is-layout-flow\" style=\"flex-basis:66.66%\">\n<h3 class=\"wp-block-heading\">Pesto di fave (o mar\u00f2)<\/h3>\n\n\n\n<p>Una delicata crema di primavera, un tripudio di gusto e freschezza preparato con fave fresche, pecorino e menta, da spalmare sui crostini o su uova sode tagliate a met\u00e0 (che in tavola a Pasqua non devono mancare mai!).<br>Se poi avanza, puoi utilizzarla per condire una pasta al profumo di primavera!<\/p>\n<\/div>\n<\/div>\n\n\n\n<div style=\"height:30px\" aria-hidden=\"true\" class=\"wp-block-spacer\"><\/div>\n\n\n\n<div class=\"wp-block-columns is-layout-flex wp-container-core-columns-is-layout-9d6595d7 wp-block-columns-is-layout-flex\">\n<div class=\"wp-block-column is-layout-flow wp-block-column-is-layout-flow\" style=\"flex-basis:33.33%\">\n<figure class=\"wp-block-image size-full\"><img decoding=\"async\" width=\"720\" height=\"720\" src=\"http:\/\/www.asmallkitcheningenoa.com\/wp-content\/uploads\/2023\/04\/panissa-fritta.webp\" alt=\"\" class=\"wp-image-14969\" srcset=\"http:\/\/www.asmallkitcheningenoa.com\/wp-content\/uploads\/2023\/04\/panissa-fritta.webp 720w, http:\/\/www.asmallkitcheningenoa.com\/wp-content\/uploads\/2023\/04\/panissa-fritta-480x480.webp 480w\" sizes=\"(min-width: 0px) and (max-width: 480px) 480px, (min-width: 481px) 720px, 100vw\" \/><\/figure>\n<\/div>\n\n\n\n<div class=\"wp-block-column is-layout-flow wp-block-column-is-layout-flow\" style=\"flex-basis:66.66%\">\n<h3 class=\"wp-block-heading\">Panissa fritta<\/h3>\n\n\n\n<p>Che non vuoi friggere un po\u2019?<br>La panissa fritta, o panisette, sono la versione fritta della farinata.<br>Si prepara una polenta di farina di ceci che si lascia raffreddare e rassodare. Quindi si taglia a fette sottili e si frigge in abbondante olio.<br>Sembrano patatine fritte ma sono molto pi\u00f9 buone!<\/p>\n<\/div>\n<\/div>\n\n\n\n<div style=\"height:30px\" aria-hidden=\"true\" class=\"wp-block-spacer\"><\/div>\n\n\n\n<div class=\"wp-block-columns is-layout-flex wp-container-core-columns-is-layout-9d6595d7 wp-block-columns-is-layout-flex\">\n<div class=\"wp-block-column is-layout-flow wp-block-column-is-layout-flow\" style=\"flex-basis:33.33%\">\n<figure class=\"wp-block-image size-large\"><img decoding=\"async\" width=\"1024\" height=\"1024\" src=\"http:\/\/www.asmallkitcheningenoa.com\/wp-content\/uploads\/2023\/04\/frittelle-di-borragine-ligure-1024x1024.webp\" alt=\"\" class=\"wp-image-14965\" srcset=\"http:\/\/www.asmallkitcheningenoa.com\/wp-content\/uploads\/2023\/04\/frittelle-di-borragine-ligure-1024x1024.webp 1024w, http:\/\/www.asmallkitcheningenoa.com\/wp-content\/uploads\/2023\/04\/frittelle-di-borragine-ligure-980x980.webp 980w, http:\/\/www.asmallkitcheningenoa.com\/wp-content\/uploads\/2023\/04\/frittelle-di-borragine-ligure-480x480.webp 480w\" sizes=\"(min-width: 0px) and (max-width: 480px) 480px, (min-width: 481px) and (max-width: 980px) 980px, (min-width: 981px) 1024px, 100vw\" \/><\/figure>\n<\/div>\n\n\n\n<div class=\"wp-block-column is-layout-flow wp-block-column-is-layout-flow\" style=\"flex-basis:66.66%\">\n<h3 class=\"wp-block-heading\">Frittelle di borragini<\/h3>\n\n\n\n<p>Perch\u00e9 la Pasqua \u00e8 anche sinonimo di primavera, e non c\u2019\u00e8 erba selvatica che sprigioni meglio il profumo dei prati delle borragini!<\/p>\n<\/div>\n<\/div>\n\n\n\n<div style=\"height:30px\" aria-hidden=\"true\" class=\"wp-block-spacer\"><\/div>\n\n\n\n<div class=\"wp-block-columns is-layout-flex wp-container-core-columns-is-layout-9d6595d7 wp-block-columns-is-layout-flex\">\n<div class=\"wp-block-column is-layout-flow wp-block-column-is-layout-flow\">\n<h2 class=\"wp-block-heading\">Primi piatti liguri pasquali<\/h2>\n<\/div>\n<\/div>\n\n\n\n<div style=\"height:30px\" aria-hidden=\"true\" class=\"wp-block-spacer\"><\/div>\n\n\n\n<div class=\"wp-block-columns is-layout-flex wp-container-core-columns-is-layout-9d6595d7 wp-block-columns-is-layout-flex\">\n<div class=\"wp-block-column is-layout-flow wp-block-column-is-layout-flow\" style=\"flex-basis:33.33%\">\n<figure class=\"wp-block-image size-large\"><img decoding=\"async\" width=\"1024\" height=\"1024\" src=\"http:\/\/www.asmallkitcheningenoa.com\/wp-content\/uploads\/2023\/04\/pansotti-di-pasqua-1024x1024.webp\" alt=\"\" class=\"wp-image-14971\" srcset=\"http:\/\/www.asmallkitcheningenoa.com\/wp-content\/uploads\/2023\/04\/pansotti-di-pasqua-980x980.webp 980w, http:\/\/www.asmallkitcheningenoa.com\/wp-content\/uploads\/2023\/04\/pansotti-di-pasqua-480x480.webp 480w\" sizes=\"(min-width: 0px) and (max-width: 480px) 480px, (min-width: 481px) and (max-width: 980px) 980px, (min-width: 981px) 1024px, 100vw\" \/><\/figure>\n<\/div>\n\n\n\n<div class=\"wp-block-column is-layout-flow wp-block-column-is-layout-flow\" style=\"flex-basis:66.66%\">\n<h3 class=\"wp-block-heading\">Pansoti<\/h3>\n\n\n\n<p>Sono la pasta ripiena ligure pi\u00f9 famosa, insieme ai ravioli.<\/p>\n\n\n\n<p>ll ripieno tradizionalmente \u00e8 fatto di erbe di campo, quelle che qui in Liguria chiamiamo\u00a0<a href=\"https:\/\/www.asmallkitcheningenoa.com\/it\/prebuggiun-ligure\/\">Prebuggiun<\/a>. Il loro condimento per eccellenza: la\u00a0<a href=\"https:\/\/www.asmallkitcheningenoa.com\/it\/salsa-di-noci\/\">salsa di noci<\/a>!<\/p>\n<\/div>\n<\/div>\n\n\n\n<div style=\"height:30px\" aria-hidden=\"true\" class=\"wp-block-spacer\"><\/div>\n\n\n\n<div class=\"wp-block-columns is-layout-flex wp-container-core-columns-is-layout-9d6595d7 wp-block-columns-is-layout-flex\">\n<div class=\"wp-block-column is-layout-flow wp-block-column-is-layout-flow\" style=\"flex-basis:33.33%\">\n<figure class=\"wp-block-image size-large\"><img decoding=\"async\" width=\"1024\" height=\"1024\" src=\"http:\/\/www.asmallkitcheningenoa.com\/wp-content\/uploads\/2023\/04\/picagge-verdi-sugo-di-funghi-1024x1024.webp\" alt=\"\" class=\"wp-image-14975\" srcset=\"http:\/\/www.asmallkitcheningenoa.com\/wp-content\/uploads\/2023\/04\/picagge-verdi-sugo-di-funghi-1024x1024.webp 1024w, http:\/\/www.asmallkitcheningenoa.com\/wp-content\/uploads\/2023\/04\/picagge-verdi-sugo-di-funghi-980x980.webp 980w, http:\/\/www.asmallkitcheningenoa.com\/wp-content\/uploads\/2023\/04\/picagge-verdi-sugo-di-funghi-480x480.webp 480w\" sizes=\"(min-width: 0px) and (max-width: 480px) 480px, (min-width: 481px) and (max-width: 980px) 980px, (min-width: 981px) 1024px, 100vw\" \/><\/figure>\n<\/div>\n\n\n\n<div class=\"wp-block-column is-layout-flow wp-block-column-is-layout-flow\" style=\"flex-basis:66.66%\">\n<h3 class=\"wp-block-heading\">Piccage verdi<\/h3>\n\n\n\n<p>Le piccagge verdi (da piccaggia che in dialetto significa fettuccia) sono tagliatelle\/ fettuccine verdi fatte a mano, dove il verde \u00e8 dato da borragini oppure ortiche.<br>Il condimento ideale? Il <a href=\"https:\/\/www.asmallkitcheningenoa.com\/it\/sugo-di-funghi-alla-genovese\/\">sugo di funghi alla genovese<\/a>.<\/p>\n<\/div>\n<\/div>\n\n\n\n<div style=\"height:30px\" aria-hidden=\"true\" class=\"wp-block-spacer\"><\/div>\n\n\n\n<div class=\"wp-block-columns is-layout-flex wp-container-core-columns-is-layout-9d6595d7 wp-block-columns-is-layout-flex\">\n<div class=\"wp-block-column is-layout-flow wp-block-column-is-layout-flow\">\n<h2 class=\"wp-block-heading\">Secondi piatti liguri pasquali<\/h2>\n<\/div>\n<\/div>\n\n\n\n<div style=\"height:30px\" aria-hidden=\"true\" class=\"wp-block-spacer\"><\/div>\n\n\n\n<div class=\"wp-block-columns is-layout-flex wp-container-core-columns-is-layout-9d6595d7 wp-block-columns-is-layout-flex\">\n<div class=\"wp-block-column is-layout-flow wp-block-column-is-layout-flow\" style=\"flex-basis:33.33%\">\n<figure class=\"wp-block-image size-full\"><img decoding=\"async\" width=\"549\" height=\"567\" src=\"http:\/\/www.asmallkitcheningenoa.com\/wp-content\/uploads\/2023\/04\/torta-di-carciofi-pasqualina.webp\" alt=\"\" class=\"wp-image-14951\" srcset=\"http:\/\/www.asmallkitcheningenoa.com\/wp-content\/uploads\/2023\/04\/torta-di-carciofi-pasqualina.webp 549w, http:\/\/www.asmallkitcheningenoa.com\/wp-content\/uploads\/2023\/04\/torta-di-carciofi-pasqualina-480x496.webp 480w\" sizes=\"(min-width: 0px) and (max-width: 480px) 480px, (min-width: 481px) 549px, 100vw\" \/><\/figure>\n<\/div>\n\n\n\n<div class=\"wp-block-column is-layout-flow wp-block-column-is-layout-flow\" style=\"flex-basis:66.66%\">\n<h3 class=\"wp-block-heading\">Torta pasqualina<\/h3>\n\n\n\n<p>Non c\u2019\u00e8 Pasqua in Liguria senza torta Pasqualina.<br>Un guscio formato da tante sottilissime sfoglie (dicono che una volta fossero 33 come gli anni di Cristo!) che racchiude carciofi, bietole e uova intere, simbolo quest\u2019ultime di vita e di rinascita.<br>Sul blog trovi la ricetta della versione pi\u00f9 elitaria: <a href=\"https:\/\/www.asmallkitcheningenoa.com\/it\/la-torta-di-carciofi-genovese\/\">la torta pasqualina con i carciofi<\/a>.<\/p>\n<\/div>\n<\/div>\n\n\n\n<div style=\"height:30px\" aria-hidden=\"true\" class=\"wp-block-spacer\"><\/div>\n\n\n\n<div class=\"wp-block-columns is-layout-flex wp-container-core-columns-is-layout-9d6595d7 wp-block-columns-is-layout-flex\">\n<div class=\"wp-block-column is-layout-flow wp-block-column-is-layout-flow\" style=\"flex-basis:33.33%\">\n<figure class=\"wp-block-image size-full\"><img decoding=\"async\" width=\"433\" height=\"433\" src=\"http:\/\/www.asmallkitcheningenoa.com\/wp-content\/uploads\/2023\/04\/lattughe-ripiene-ricetta-ligue-pasqua.webp\" alt=\"\" class=\"wp-image-14967\" srcset=\"https:\/\/www.asmallkitcheningenoa.com\/wp-content\/uploads\/2023\/04\/lattughe-ripiene-ricetta-ligue-pasqua.webp 433w, https:\/\/www.asmallkitcheningenoa.com\/wp-content\/uploads\/2023\/04\/lattughe-ripiene-ricetta-ligue-pasqua-300x300.webp 300w, https:\/\/www.asmallkitcheningenoa.com\/wp-content\/uploads\/2023\/04\/lattughe-ripiene-ricetta-ligue-pasqua-150x150.webp 150w, https:\/\/www.asmallkitcheningenoa.com\/wp-content\/uploads\/2023\/04\/lattughe-ripiene-ricetta-ligue-pasqua-250x250.webp 250w, https:\/\/www.asmallkitcheningenoa.com\/wp-content\/uploads\/2023\/04\/lattughe-ripiene-ricetta-ligue-pasqua-40x40.webp 40w\" sizes=\"(max-width: 433px) 100vw, 433px\" \/><\/figure>\n<\/div>\n\n\n\n<div class=\"wp-block-column is-layout-flow wp-block-column-is-layout-flow\" style=\"flex-basis:66.66%\">\n<h3 class=\"wp-block-heading\">Lattughe ripiene di brodo<\/h3>\n\n\n\n<p>Si presentano nel piatto fondo immerse nel brodo ma le lattughe ripiene \u2013 sublime piatto della tradizione di Pasqua \u2013 sono principalmente a base di carne.<br>La ricetta che trovi nel blog me l\u2019ha donata Serafino Consigliere un vecchio amico macellaio e grande amante della cucina, famoso in tutta Genova proprio per le sue lattughe ripiene in brodo.<\/p>\n<\/div>\n<\/div>\n\n\n\n<div style=\"height:30px\" aria-hidden=\"true\" class=\"wp-block-spacer\"><\/div>\n\n\n\n<div class=\"wp-block-columns is-layout-flex wp-container-core-columns-is-layout-9d6595d7 wp-block-columns-is-layout-flex\">\n<div class=\"wp-block-column is-layout-flow wp-block-column-is-layout-flow\" style=\"flex-basis:33.33%\">\n<figure class=\"wp-block-image size-full\"><img decoding=\"async\" width=\"683\" height=\"683\" src=\"http:\/\/www.asmallkitcheningenoa.com\/wp-content\/uploads\/2023\/04\/angello-con-carciofi.webp\" alt=\"\" class=\"wp-image-14955\" srcset=\"http:\/\/www.asmallkitcheningenoa.com\/wp-content\/uploads\/2023\/04\/angello-con-carciofi.webp 683w, http:\/\/www.asmallkitcheningenoa.com\/wp-content\/uploads\/2023\/04\/angello-con-carciofi-480x480.webp 480w\" sizes=\"(min-width: 0px) and (max-width: 480px) 480px, (min-width: 481px) 683px, 100vw\" \/><\/figure>\n<\/div>\n\n\n\n<div class=\"wp-block-column is-layout-flow wp-block-column-is-layout-flow\" style=\"flex-basis:66.66%\">\n<h3 class=\"wp-block-heading\">Agnello con carciofi<\/h3>\n\n\n\n<p>L\u2019agnello \u00e8 il simbolo pasquale per eccellenza in molte tradizioni religiose. In Liguria lo cuciniamo in vari modi. Sono famose le <a href=\"https:\/\/www.cucinaligure.info\/2019\/01\/06\/fracassa-dagnelletto-fricassea-dagnello\/?mc_cid=461b4b56b8&amp;mc_eid=12f2259079\">costolette impanate e fritte<\/a> oppure <a href=\"https:\/\/blog.giallozafferano.it\/renatabriano\/costine-di-agnello-e-carciofi-impanati-e-fritti\/?mc_cid=461b4b56b8&amp;mc_eid=12f2259079\" target=\"_blank\" rel=\"noreferrer noopener\">l\u2019agnello in fricassea<\/a>.<br>A casa da noi va per la maggiore per\u00f2 <a href=\"https:\/\/www.asmallkitcheningenoa.com\/it\/agnello-con-carciofi-alla-ligure\/\">l\u2019agnello con i carciofi<\/a>, i nostri, quelli nostri di Albenga.<\/p>\n<\/div>\n<\/div>\n\n\n\n<div style=\"height:30px\" aria-hidden=\"true\" class=\"wp-block-spacer\"><\/div>\n\n\n\n<div class=\"wp-block-columns is-layout-flex wp-container-core-columns-is-layout-9d6595d7 wp-block-columns-is-layout-flex\">\n<div class=\"wp-block-column is-layout-flow wp-block-column-is-layout-flow\" style=\"flex-basis:33.33%\">\n<figure class=\"wp-block-image size-full\"><img decoding=\"async\" width=\"683\" height=\"683\" src=\"http:\/\/www.asmallkitcheningenoa.com\/wp-content\/uploads\/2023\/04\/cima-ripiena-secondo-di-pasqua-ligure.webp\" alt=\"\" class=\"wp-image-14961\" srcset=\"http:\/\/www.asmallkitcheningenoa.com\/wp-content\/uploads\/2023\/04\/cima-ripiena-secondo-di-pasqua-ligure.webp 683w, http:\/\/www.asmallkitcheningenoa.com\/wp-content\/uploads\/2023\/04\/cima-ripiena-secondo-di-pasqua-ligure-480x480.webp 480w\" sizes=\"(min-width: 0px) and (max-width: 480px) 480px, (min-width: 481px) 683px, 100vw\" \/><\/figure>\n<\/div>\n\n\n\n<div class=\"wp-block-column is-layout-flow wp-block-column-is-layout-flow\" style=\"flex-basis:66.66%\">\n<h3 class=\"wp-block-heading\">Cima ripiena<\/h3>\n\n\n\n<p>Un altro grande classico della cucina ligure. La cima ripiena da sempre \u00e8 il piatto delle grandi occasioni e spesso si prepara anche a Pasqua.<br>Una sacca di vitello ripiena di uova, verdure e frattaglie (o proscuitto). Si gusta fredda a fette sottili. Se poi ne avanza, se avanza, si impana e si frigge!<\/p>\n<\/div>\n<\/div>\n\n\n\n<div style=\"height:30px\" aria-hidden=\"true\" class=\"wp-block-spacer\"><\/div>\n\n\n\n<div class=\"wp-block-columns is-layout-flex wp-container-core-columns-is-layout-9d6595d7 wp-block-columns-is-layout-flex\">\n<div class=\"wp-block-column is-layout-flow wp-block-column-is-layout-flow\">\n<h2 class=\"wp-block-heading\">Dolci liguri pasquali<\/h2>\n<\/div>\n<\/div>\n\n\n\n<div style=\"height:30px\" aria-hidden=\"true\" class=\"wp-block-spacer\"><\/div>\n\n\n\n<div class=\"wp-block-columns is-layout-flex wp-container-core-columns-is-layout-9d6595d7 wp-block-columns-is-layout-flex\">\n<div class=\"wp-block-column is-layout-flow wp-block-column-is-layout-flow\" style=\"flex-basis:33.33%\">\n<figure class=\"wp-block-image size-full\"><img decoding=\"async\" width=\"1024\" height=\"1024\" src=\"http:\/\/www.asmallkitcheningenoa.com\/wp-content\/uploads\/2023\/04\/dolcetti-quaresimali-pasta-di-mandorle.webp\" alt=\"\" class=\"wp-image-14963\" srcset=\"http:\/\/www.asmallkitcheningenoa.com\/wp-content\/uploads\/2023\/04\/dolcetti-quaresimali-pasta-di-mandorle.webp 1024w, http:\/\/www.asmallkitcheningenoa.com\/wp-content\/uploads\/2023\/04\/dolcetti-quaresimali-pasta-di-mandorle-980x980.webp 980w, http:\/\/www.asmallkitcheningenoa.com\/wp-content\/uploads\/2023\/04\/dolcetti-quaresimali-pasta-di-mandorle-480x480.webp 480w\" sizes=\"(min-width: 0px) and (max-width: 480px) 480px, (min-width: 481px) and (max-width: 980px) 980px, (min-width: 981px) 1024px, 100vw\" \/><\/figure>\n<\/div>\n\n\n\n<div class=\"wp-block-column is-layout-flow wp-block-column-is-layout-flow\" style=\"flex-basis:66.66%\">\n<h3 class=\"wp-block-heading\">Quaresimali<\/h3>\n\n\n\n<p>I dolcetti a base di pasta di mandorle che si mangiano durante tutta la quaresima, e di cui non manca mai un vassoio misto anche sulla tavola di Pasqua.<br>Noi se non li prepariamo in casa, li compriamo <a href=\"https:\/\/asmallkitcheningenoa.us13.list-manage.com\/track\/click?u=ae91f26c7b9a23405d8374593&amp;id=b2786c9575&amp;e=12f2259079\">da Romanengo<\/a>.<\/p>\n<\/div>\n<\/div>\n\n\n\n<div style=\"height:30px\" aria-hidden=\"true\" class=\"wp-block-spacer\"><\/div>\n\n\n\n<div class=\"wp-block-columns is-layout-flex wp-container-core-columns-is-layout-9d6595d7 wp-block-columns-is-layout-flex\">\n<div class=\"wp-block-column is-layout-flow wp-block-column-is-layout-flow\" style=\"flex-basis:33.33%\">\n<figure class=\"wp-block-image size-full\"><img decoding=\"async\" width=\"600\" height=\"600\" src=\"http:\/\/www.asmallkitcheningenoa.com\/wp-content\/uploads\/2023\/04\/cavagnetti-dolce-ligure-di-pasqua.webp\" alt=\"\" class=\"wp-image-14959\" srcset=\"http:\/\/www.asmallkitcheningenoa.com\/wp-content\/uploads\/2023\/04\/cavagnetti-dolce-ligure-di-pasqua.webp 600w, http:\/\/www.asmallkitcheningenoa.com\/wp-content\/uploads\/2023\/04\/cavagnetti-dolce-ligure-di-pasqua-480x480.webp 480w\" sizes=\"(min-width: 0px) and (max-width: 480px) 480px, (min-width: 481px) 600px, 100vw\" \/><\/figure>\n<\/div>\n\n\n\n<div class=\"wp-block-column is-layout-flow wp-block-column-is-layout-flow\" style=\"flex-basis:66.66%\">\n<h3 class=\"wp-block-heading\">Cavagnetti<\/h3>\n\n\n\n<p>Dal dialetto \u201ccavagna\u201d, ovvero cesta, i cavagnetti sono dei piccoli&nbsp;<strong>cestini di pasta dolce lievitata che racchiudono un uovo sodo,&nbsp;<\/strong>simbolo pasquale della rinascita.<\/p>\n\n\n\n<p>Venivano preparati nei giorni precedenti alla Pasqua, portati in chiesa per la benedizione e regalati ai bambini.<\/p>\n<\/div>\n<\/div>\n\n\n\n<div style=\"height:30px\" aria-hidden=\"true\" class=\"wp-block-spacer\"><\/div>\n\n\n\n<div class=\"wp-block-columns is-layout-flex wp-container-core-columns-is-layout-9d6595d7 wp-block-columns-is-layout-flex\">\n<div class=\"wp-block-column is-layout-flow wp-block-column-is-layout-flow\" style=\"flex-basis:33.33%\">\n<figure class=\"wp-block-image size-full\"><img decoding=\"async\" width=\"600\" height=\"600\" src=\"http:\/\/www.asmallkitcheningenoa.com\/wp-content\/uploads\/2023\/04\/canestrelli-domenica-di-pasqua.webp\" alt=\"\" class=\"wp-image-14957\" srcset=\"http:\/\/www.asmallkitcheningenoa.com\/wp-content\/uploads\/2023\/04\/canestrelli-domenica-di-pasqua.webp 600w, http:\/\/www.asmallkitcheningenoa.com\/wp-content\/uploads\/2023\/04\/canestrelli-domenica-di-pasqua-480x480.webp 480w\" sizes=\"(min-width: 0px) and (max-width: 480px) 480px, (min-width: 481px) 600px, 100vw\" \/><\/figure>\n<\/div>\n\n\n\n<div class=\"wp-block-column is-layout-flow wp-block-column-is-layout-flow\" style=\"flex-basis:66.66%\">\n<h3 class=\"wp-block-heading\">Canestrelli della Domenica delle Palme<\/h3>\n\n\n\n<p>Non compaiono sulla tavola il giorno di Pasqua ma sono sempre legati a questa festivit\u00e0 religiosa, e sono buonissimi, i\u00a0<a href=\"https:\/\/asmallkitcheningenoa.us13.list-manage.com\/track\/click?u=ae91f26c7b9a23405d8374593&amp;id=daef4e2349&amp;e=12f2259079\">Canestrelli della domenica delle Palme<\/a>.<br>Preparali per grandi e piccini la domenica prima di Pasqua!<br>Naturalmente non pu\u00f2 mancare l\u2019uovo di cioccolato che i bimbi romperanno come da tradizione per trovare la sorpresa all\u2019interno.<br>E per concludere in bellezza, inutile dirlo, caff\u00e8 e\u00a0<a href=\"https:\/\/www.asmallkitcheningenoa.com\/it\/limoncello\/\"><strong>limoncino<\/strong><\/a>!<\/p>\n<\/div>\n<\/div>\n","protected":false},"excerpt":{"rendered":"<p>Ecco le ricette liguri che cucino per Pasqua. Se stai cercando ispirazione per il tuo men\u00f9 di Pasqua, qui troverai una collezione dei piatti che compaiono pi\u00f9 spesso sulle tavole pasquali in Liguria. La maggior parte sono ricette dettate dalla stagionalit\u00e0. Anche l\u2019influenza religiosa per\u00f2 \u00e8 evidente, in quanto molti ingredienti hanno vuoi un significato [&hellip;]<\/p>\n","protected":false},"author":2,"featured_media":14949,"comment_status":"closed","ping_status":"open","sticky":false,"template":"","format":"standard","meta":{"_et_pb_use_builder":"","_et_pb_old_content":"","_et_gb_content_width":"","footnotes":""},"categories":[54,52,49,45],"tags":[228,125],"class_list":["post-14863","post","type-post","status-publish","format-standard","has-post-thumbnail","hentry","category-contorni","category-dolci","category-pasta-and-soups-it","category-ricette-liguri","tag-pasqua","tag-primavera"],"yoast_head":"<!-- This site is optimized with the Yoast SEO plugin v27.3 - https:\/\/yoast.com\/product\/yoast-seo-wordpress\/ -->\n<title>10 ricette per Pasqua della tradizione ligure - A Small Kitchen in Genoa<\/title>\n<meta name=\"description\" content=\"Se stai cercando ispirazione per il tuo men\u00f9 di Pasqua, qui troverai una collezione dei piatti che compaiono pi\u00f9 spesso sulle tavole pasquali in Liguria.\" \/>\n<meta name=\"robots\" content=\"index, follow, max-snippet:-1, max-image-preview:large, max-video-preview:-1\" \/>\n<link rel=\"canonical\" href=\"https:\/\/www.asmallkitcheningenoa.com\/it\/10-ricette-per-pasqua-della-tradizione-ligure\/\" \/>\n<meta property=\"og:locale\" content=\"it_IT\" \/>\n<meta property=\"og:type\" content=\"article\" \/>\n<meta property=\"og:title\" content=\"10 ricette per Pasqua della tradizione ligure - A Small Kitchen in Genoa\" \/>\n<meta property=\"og:description\" content=\"Se stai cercando ispirazione per il tuo men\u00f9 di Pasqua, qui troverai una collezione dei piatti che compaiono pi\u00f9 spesso sulle tavole pasquali in Liguria.\" \/>\n<meta property=\"og:url\" content=\"https:\/\/www.asmallkitcheningenoa.com\/it\/10-ricette-per-pasqua-della-tradizione-ligure\/\" \/>\n<meta property=\"og:site_name\" content=\"A Small Kitchen in Genoa\" \/>\n<meta property=\"article:published_time\" content=\"2023-04-02T10:26:00+00:00\" \/>\n<meta property=\"article:modified_time\" content=\"2026-01-28T16:30:05+00:00\" \/>\n<meta property=\"og:image\" content=\"https:\/\/www.asmallkitcheningenoa.com\/wp-content\/uploads\/2023\/04\/10-ricette-di-pasqua-trazione-ligure.webp\" \/>\n\t<meta property=\"og:image:width\" content=\"1080\" \/>\n\t<meta property=\"og:image:height\" content=\"1620\" \/>\n\t<meta property=\"og:image:type\" content=\"image\/webp\" \/>\n<meta name=\"author\" content=\"Enrica\" \/>\n<meta name=\"twitter:card\" content=\"summary_large_image\" \/>\n<meta name=\"twitter:creator\" content=\"@smallkitchengoa\" \/>\n<meta name=\"twitter:site\" content=\"@smallkitchengoa\" \/>\n<meta name=\"twitter:label1\" content=\"Scritto da\" \/>\n\t<meta name=\"twitter:data1\" content=\"Enrica\" \/>\n\t<meta name=\"twitter:label2\" content=\"Tempo di lettura stimato\" \/>\n\t<meta name=\"twitter:data2\" content=\"6 minuti\" \/>\n<script type=\"application\/ld+json\" class=\"yoast-schema-graph\">{\"@context\":\"https:\\\/\\\/schema.org\",\"@graph\":[{\"@type\":\"Article\",\"@id\":\"https:\\\/\\\/www.asmallkitcheningenoa.com\\\/it\\\/10-ricette-per-pasqua-della-tradizione-ligure\\\/#article\",\"isPartOf\":{\"@id\":\"https:\\\/\\\/www.asmallkitcheningenoa.com\\\/it\\\/10-ricette-per-pasqua-della-tradizione-ligure\\\/\"},\"author\":{\"name\":\"Enrica\",\"@id\":\"https:\\\/\\\/www.asmallkitcheningenoa.com\\\/it\\\/#\\\/schema\\\/person\\\/16146b00827b1c550e8c907884fd2c1d\"},\"headline\":\"10 ricette per Pasqua della tradizione ligure\",\"datePublished\":\"2023-04-02T10:26:00+00:00\",\"dateModified\":\"2026-01-28T16:30:05+00:00\",\"mainEntityOfPage\":{\"@id\":\"https:\\\/\\\/www.asmallkitcheningenoa.com\\\/it\\\/10-ricette-per-pasqua-della-tradizione-ligure\\\/\"},\"wordCount\":725,\"publisher\":{\"@id\":\"https:\\\/\\\/www.asmallkitcheningenoa.com\\\/it\\\/#\\\/schema\\\/person\\\/16146b00827b1c550e8c907884fd2c1d\"},\"image\":{\"@id\":\"https:\\\/\\\/www.asmallkitcheningenoa.com\\\/it\\\/10-ricette-per-pasqua-della-tradizione-ligure\\\/#primaryimage\"},\"thumbnailUrl\":\"https:\\\/\\\/www.asmallkitcheningenoa.com\\\/wp-content\\\/uploads\\\/2023\\\/04\\\/10-ricette-di-pasqua-trazione-ligure.webp\",\"keywords\":[\"Pasqua\",\"primavera\"],\"articleSection\":[\"Contorni\",\"Dolci\",\"Pasta e zuppe\",\"Ricette liguri\"],\"inLanguage\":\"it-IT\"},{\"@type\":\"WebPage\",\"@id\":\"https:\\\/\\\/www.asmallkitcheningenoa.com\\\/it\\\/10-ricette-per-pasqua-della-tradizione-ligure\\\/\",\"url\":\"https:\\\/\\\/www.asmallkitcheningenoa.com\\\/it\\\/10-ricette-per-pasqua-della-tradizione-ligure\\\/\",\"name\":\"10 ricette per Pasqua della tradizione ligure - A Small Kitchen in Genoa\",\"isPartOf\":{\"@id\":\"https:\\\/\\\/www.asmallkitcheningenoa.com\\\/it\\\/#website\"},\"primaryImageOfPage\":{\"@id\":\"https:\\\/\\\/www.asmallkitcheningenoa.com\\\/it\\\/10-ricette-per-pasqua-della-tradizione-ligure\\\/#primaryimage\"},\"image\":{\"@id\":\"https:\\\/\\\/www.asmallkitcheningenoa.com\\\/it\\\/10-ricette-per-pasqua-della-tradizione-ligure\\\/#primaryimage\"},\"thumbnailUrl\":\"https:\\\/\\\/www.asmallkitcheningenoa.com\\\/wp-content\\\/uploads\\\/2023\\\/04\\\/10-ricette-di-pasqua-trazione-ligure.webp\",\"datePublished\":\"2023-04-02T10:26:00+00:00\",\"dateModified\":\"2026-01-28T16:30:05+00:00\",\"description\":\"Se stai cercando ispirazione per il tuo men\u00f9 di Pasqua, qui troverai una collezione dei piatti che compaiono pi\u00f9 spesso sulle tavole pasquali in Liguria.\",\"breadcrumb\":{\"@id\":\"https:\\\/\\\/www.asmallkitcheningenoa.com\\\/it\\\/10-ricette-per-pasqua-della-tradizione-ligure\\\/#breadcrumb\"},\"inLanguage\":\"it-IT\",\"potentialAction\":[{\"@type\":\"ReadAction\",\"target\":[\"https:\\\/\\\/www.asmallkitcheningenoa.com\\\/it\\\/10-ricette-per-pasqua-della-tradizione-ligure\\\/\"]}]},{\"@type\":\"ImageObject\",\"inLanguage\":\"it-IT\",\"@id\":\"https:\\\/\\\/www.asmallkitcheningenoa.com\\\/it\\\/10-ricette-per-pasqua-della-tradizione-ligure\\\/#primaryimage\",\"url\":\"https:\\\/\\\/www.asmallkitcheningenoa.com\\\/wp-content\\\/uploads\\\/2023\\\/04\\\/10-ricette-di-pasqua-trazione-ligure.webp\",\"contentUrl\":\"https:\\\/\\\/www.asmallkitcheningenoa.com\\\/wp-content\\\/uploads\\\/2023\\\/04\\\/10-ricette-di-pasqua-trazione-ligure.webp\",\"width\":1080,\"height\":1620},{\"@type\":\"BreadcrumbList\",\"@id\":\"https:\\\/\\\/www.asmallkitcheningenoa.com\\\/it\\\/10-ricette-per-pasqua-della-tradizione-ligure\\\/#breadcrumb\",\"itemListElement\":[{\"@type\":\"ListItem\",\"position\":1,\"name\":\"Home\",\"item\":\"https:\\\/\\\/www.asmallkitcheningenoa.com\\\/it\\\/\"},{\"@type\":\"ListItem\",\"position\":2,\"name\":\"Foodie Genova\",\"item\":\"https:\\\/\\\/www.asmallkitcheningenoa.com\\\/it\\\/category\\\/foodie-genova\\\/\"},{\"@type\":\"ListItem\",\"position\":3,\"name\":\"10 ricette per Pasqua della tradizione ligure\"}]},{\"@type\":\"WebSite\",\"@id\":\"https:\\\/\\\/www.asmallkitcheningenoa.com\\\/it\\\/#website\",\"url\":\"https:\\\/\\\/www.asmallkitcheningenoa.com\\\/it\\\/\",\"name\":\"A Small Kitchen in Genoa\",\"description\":\"Recipes and slow food stories from the Italian Riviera\",\"publisher\":{\"@id\":\"https:\\\/\\\/www.asmallkitcheningenoa.com\\\/it\\\/#\\\/schema\\\/person\\\/16146b00827b1c550e8c907884fd2c1d\"},\"potentialAction\":[{\"@type\":\"SearchAction\",\"target\":{\"@type\":\"EntryPoint\",\"urlTemplate\":\"https:\\\/\\\/www.asmallkitcheningenoa.com\\\/it\\\/?s={search_term_string}\"},\"query-input\":{\"@type\":\"PropertyValueSpecification\",\"valueRequired\":true,\"valueName\":\"search_term_string\"}}],\"inLanguage\":\"it-IT\"},{\"@type\":[\"Person\",\"Organization\"],\"@id\":\"https:\\\/\\\/www.asmallkitcheningenoa.com\\\/it\\\/#\\\/schema\\\/person\\\/16146b00827b1c550e8c907884fd2c1d\",\"name\":\"Enrica\",\"image\":{\"@type\":\"ImageObject\",\"inLanguage\":\"it-IT\",\"@id\":\"https:\\\/\\\/www.asmallkitcheningenoa.com\\\/wp-content\\\/uploads\\\/2019\\\/12\\\/Enrica-Monzani-_asmallkitcheningenoa_-2.jpg\",\"url\":\"https:\\\/\\\/www.asmallkitcheningenoa.com\\\/wp-content\\\/uploads\\\/2019\\\/12\\\/Enrica-Monzani-_asmallkitcheningenoa_-2.jpg\",\"contentUrl\":\"https:\\\/\\\/www.asmallkitcheningenoa.com\\\/wp-content\\\/uploads\\\/2019\\\/12\\\/Enrica-Monzani-_asmallkitcheningenoa_-2.jpg\",\"width\":800,\"height\":791,\"caption\":\"Enrica\"},\"logo\":{\"@id\":\"https:\\\/\\\/www.asmallkitcheningenoa.com\\\/wp-content\\\/uploads\\\/2019\\\/12\\\/Enrica-Monzani-_asmallkitcheningenoa_-2.jpg\"}}]}<\/script>\n<!-- \/ Yoast SEO plugin. -->","yoast_head_json":{"title":"10 ricette per Pasqua della tradizione ligure - A Small Kitchen in Genoa","description":"Se stai cercando ispirazione per il tuo men\u00f9 di Pasqua, qui troverai una collezione dei piatti che compaiono pi\u00f9 spesso sulle tavole pasquali in Liguria.","robots":{"index":"index","follow":"follow","max-snippet":"max-snippet:-1","max-image-preview":"max-image-preview:large","max-video-preview":"max-video-preview:-1"},"canonical":"https:\/\/www.asmallkitcheningenoa.com\/it\/10-ricette-per-pasqua-della-tradizione-ligure\/","og_locale":"it_IT","og_type":"article","og_title":"10 ricette per Pasqua della tradizione ligure - A Small Kitchen in Genoa","og_description":"Se stai cercando ispirazione per il tuo men\u00f9 di Pasqua, qui troverai una collezione dei piatti che compaiono pi\u00f9 spesso sulle tavole pasquali in Liguria.","og_url":"https:\/\/www.asmallkitcheningenoa.com\/it\/10-ricette-per-pasqua-della-tradizione-ligure\/","og_site_name":"A Small Kitchen in Genoa","article_published_time":"2023-04-02T10:26:00+00:00","article_modified_time":"2026-01-28T16:30:05+00:00","og_image":[{"width":1080,"height":1620,"url":"https:\/\/www.asmallkitcheningenoa.com\/wp-content\/uploads\/2023\/04\/10-ricette-di-pasqua-trazione-ligure.webp","type":"image\/webp"}],"author":"Enrica","twitter_card":"summary_large_image","twitter_creator":"@smallkitchengoa","twitter_site":"@smallkitchengoa","twitter_misc":{"Scritto da":"Enrica","Tempo di lettura stimato":"6 minuti"},"schema":{"@context":"https:\/\/schema.org","@graph":[{"@type":"Article","@id":"https:\/\/www.asmallkitcheningenoa.com\/it\/10-ricette-per-pasqua-della-tradizione-ligure\/#article","isPartOf":{"@id":"https:\/\/www.asmallkitcheningenoa.com\/it\/10-ricette-per-pasqua-della-tradizione-ligure\/"},"author":{"name":"Enrica","@id":"https:\/\/www.asmallkitcheningenoa.com\/it\/#\/schema\/person\/16146b00827b1c550e8c907884fd2c1d"},"headline":"10 ricette per Pasqua della tradizione ligure","datePublished":"2023-04-02T10:26:00+00:00","dateModified":"2026-01-28T16:30:05+00:00","mainEntityOfPage":{"@id":"https:\/\/www.asmallkitcheningenoa.com\/it\/10-ricette-per-pasqua-della-tradizione-ligure\/"},"wordCount":725,"publisher":{"@id":"https:\/\/www.asmallkitcheningenoa.com\/it\/#\/schema\/person\/16146b00827b1c550e8c907884fd2c1d"},"image":{"@id":"https:\/\/www.asmallkitcheningenoa.com\/it\/10-ricette-per-pasqua-della-tradizione-ligure\/#primaryimage"},"thumbnailUrl":"https:\/\/www.asmallkitcheningenoa.com\/wp-content\/uploads\/2023\/04\/10-ricette-di-pasqua-trazione-ligure.webp","keywords":["Pasqua","primavera"],"articleSection":["Contorni","Dolci","Pasta e zuppe","Ricette liguri"],"inLanguage":"it-IT"},{"@type":"WebPage","@id":"https:\/\/www.asmallkitcheningenoa.com\/it\/10-ricette-per-pasqua-della-tradizione-ligure\/","url":"https:\/\/www.asmallkitcheningenoa.com\/it\/10-ricette-per-pasqua-della-tradizione-ligure\/","name":"10 ricette per Pasqua della tradizione ligure - A Small Kitchen in Genoa","isPartOf":{"@id":"https:\/\/www.asmallkitcheningenoa.com\/it\/#website"},"primaryImageOfPage":{"@id":"https:\/\/www.asmallkitcheningenoa.com\/it\/10-ricette-per-pasqua-della-tradizione-ligure\/#primaryimage"},"image":{"@id":"https:\/\/www.asmallkitcheningenoa.com\/it\/10-ricette-per-pasqua-della-tradizione-ligure\/#primaryimage"},"thumbnailUrl":"https:\/\/www.asmallkitcheningenoa.com\/wp-content\/uploads\/2023\/04\/10-ricette-di-pasqua-trazione-ligure.webp","datePublished":"2023-04-02T10:26:00+00:00","dateModified":"2026-01-28T16:30:05+00:00","description":"Se stai cercando ispirazione per il tuo men\u00f9 di Pasqua, qui troverai una collezione dei piatti che compaiono pi\u00f9 spesso sulle tavole pasquali in Liguria.","breadcrumb":{"@id":"https:\/\/www.asmallkitcheningenoa.com\/it\/10-ricette-per-pasqua-della-tradizione-ligure\/#breadcrumb"},"inLanguage":"it-IT","potentialAction":[{"@type":"ReadAction","target":["https:\/\/www.asmallkitcheningenoa.com\/it\/10-ricette-per-pasqua-della-tradizione-ligure\/"]}]},{"@type":"ImageObject","inLanguage":"it-IT","@id":"https:\/\/www.asmallkitcheningenoa.com\/it\/10-ricette-per-pasqua-della-tradizione-ligure\/#primaryimage","url":"https:\/\/www.asmallkitcheningenoa.com\/wp-content\/uploads\/2023\/04\/10-ricette-di-pasqua-trazione-ligure.webp","contentUrl":"https:\/\/www.asmallkitcheningenoa.com\/wp-content\/uploads\/2023\/04\/10-ricette-di-pasqua-trazione-ligure.webp","width":1080,"height":1620},{"@type":"BreadcrumbList","@id":"https:\/\/www.asmallkitcheningenoa.com\/it\/10-ricette-per-pasqua-della-tradizione-ligure\/#breadcrumb","itemListElement":[{"@type":"ListItem","position":1,"name":"Home","item":"https:\/\/www.asmallkitcheningenoa.com\/it\/"},{"@type":"ListItem","position":2,"name":"Foodie Genova","item":"https:\/\/www.asmallkitcheningenoa.com\/it\/category\/foodie-genova\/"},{"@type":"ListItem","position":3,"name":"10 ricette per Pasqua della tradizione ligure"}]},{"@type":"WebSite","@id":"https:\/\/www.asmallkitcheningenoa.com\/it\/#website","url":"https:\/\/www.asmallkitcheningenoa.com\/it\/","name":"A Small Kitchen in Genoa","description":"Recipes and slow food stories from the Italian Riviera","publisher":{"@id":"https:\/\/www.asmallkitcheningenoa.com\/it\/#\/schema\/person\/16146b00827b1c550e8c907884fd2c1d"},"potentialAction":[{"@type":"SearchAction","target":{"@type":"EntryPoint","urlTemplate":"https:\/\/www.asmallkitcheningenoa.com\/it\/?s={search_term_string}"},"query-input":{"@type":"PropertyValueSpecification","valueRequired":true,"valueName":"search_term_string"}}],"inLanguage":"it-IT"},{"@type":["Person","Organization"],"@id":"https:\/\/www.asmallkitcheningenoa.com\/it\/#\/schema\/person\/16146b00827b1c550e8c907884fd2c1d","name":"Enrica","image":{"@type":"ImageObject","inLanguage":"it-IT","@id":"https:\/\/www.asmallkitcheningenoa.com\/wp-content\/uploads\/2019\/12\/Enrica-Monzani-_asmallkitcheningenoa_-2.jpg","url":"https:\/\/www.asmallkitcheningenoa.com\/wp-content\/uploads\/2019\/12\/Enrica-Monzani-_asmallkitcheningenoa_-2.jpg","contentUrl":"https:\/\/www.asmallkitcheningenoa.com\/wp-content\/uploads\/2019\/12\/Enrica-Monzani-_asmallkitcheningenoa_-2.jpg","width":800,"height":791,"caption":"Enrica"},"logo":{"@id":"https:\/\/www.asmallkitcheningenoa.com\/wp-content\/uploads\/2019\/12\/Enrica-Monzani-_asmallkitcheningenoa_-2.jpg"}}]}},"_links":{"self":[{"href":"https:\/\/www.asmallkitcheningenoa.com\/it\/wp-json\/wp\/v2\/posts\/14863","targetHints":{"allow":["GET"]}}],"collection":[{"href":"https:\/\/www.asmallkitcheningenoa.com\/it\/wp-json\/wp\/v2\/posts"}],"about":[{"href":"https:\/\/www.asmallkitcheningenoa.com\/it\/wp-json\/wp\/v2\/types\/post"}],"author":[{"embeddable":true,"href":"https:\/\/www.asmallkitcheningenoa.com\/it\/wp-json\/wp\/v2\/users\/2"}],"replies":[{"embeddable":true,"href":"https:\/\/www.asmallkitcheningenoa.com\/it\/wp-json\/wp\/v2\/comments?post=14863"}],"version-history":[{"count":0,"href":"https:\/\/www.asmallkitcheningenoa.com\/it\/wp-json\/wp\/v2\/posts\/14863\/revisions"}],"wp:featuredmedia":[{"embeddable":true,"href":"https:\/\/www.asmallkitcheningenoa.com\/it\/wp-json\/wp\/v2\/media\/14949"}],"wp:attachment":[{"href":"https:\/\/www.asmallkitcheningenoa.com\/it\/wp-json\/wp\/v2\/media?parent=14863"}],"wp:term":[{"taxonomy":"category","embeddable":true,"href":"https:\/\/www.asmallkitcheningenoa.com\/it\/wp-json\/wp\/v2\/categories?post=14863"},{"taxonomy":"post_tag","embeddable":true,"href":"https:\/\/www.asmallkitcheningenoa.com\/it\/wp-json\/wp\/v2\/tags?post=14863"}],"curies":[{"name":"wp","href":"https:\/\/api.w.org\/{rel}","templated":true}]}}