{"id":14721,"date":"2023-03-24T10:54:00","date_gmt":"2023-03-24T09:54:00","guid":{"rendered":"http:\/\/www.asmallkitcheningenoa.com\/?p=14721"},"modified":"2026-01-28T17:30:06","modified_gmt":"2026-01-28T16:30:06","slug":"i-miei-biscotti-alle-erbe-aromatiche","status":"publish","type":"post","link":"https:\/\/www.asmallkitcheningenoa.com\/it\/i-miei-biscotti-alle-erbe-aromatiche\/","title":{"rendered":"I miei biscotti alle erbe aromatiche"},"content":{"rendered":"\n<figure class=\"wp-block-image size-large\"><img decoding=\"async\" width=\"1024\" height=\"683\" src=\"http:\/\/www.asmallkitcheningenoa.com\/wp-content\/uploads\/2024\/03\/ricetta-biscotti-salati-1024x683.webp\" alt=\"\" class=\"wp-image-14740\" srcset=\"http:\/\/www.asmallkitcheningenoa.com\/wp-content\/uploads\/2024\/03\/ricetta-biscotti-salati-1024x683.webp 1024w, http:\/\/www.asmallkitcheningenoa.com\/wp-content\/uploads\/2024\/03\/ricetta-biscotti-salati-980x653.webp 980w, http:\/\/www.asmallkitcheningenoa.com\/wp-content\/uploads\/2024\/03\/ricetta-biscotti-salati-480x320.webp 480w\" sizes=\"(min-width: 0px) and (max-width: 480px) 480px, (min-width: 481px) and (max-width: 980px) 980px, (min-width: 981px) 1024px, 100vw\" \/><\/figure>\n\n\n\n<div style=\"height:20px\" aria-hidden=\"true\" class=\"wp-block-spacer\"><\/div>\n\n\n\n<p>Prova questo, e poi questo, e poi questo. Quale ti piace di pi\u00f9? Salvia, maggiorana, rosmarino? Non sai decidere! Forse \u00e8 meglio fare un altro giro.<\/p>\n\n\n\n<p>Ecco cosa succede se porti in tavola un cestino fumante di biscotti alle erbe aromatiche. Tutti si lasciano andare volentieri all\u2019imbarazzo della scelta del pi\u00f9 buono.&nbsp;<\/p>\n\n\n\n<div style=\"height:20px\" aria-hidden=\"true\" class=\"wp-block-spacer\"><\/div>\n\n\n\n<div class=\"wp-block-columns is-layout-flex wp-container-core-columns-is-layout-9d6595d7 wp-block-columns-is-layout-flex\">\n<div class=\"wp-block-column is-layout-flow wp-block-column-is-layout-flow\">\n<figure class=\"wp-block-image size-large\"><img decoding=\"async\" width=\"683\" height=\"1024\" src=\"http:\/\/www.asmallkitcheningenoa.com\/wp-content\/uploads\/2024\/03\/biscotti-alle-erbe-salati-683x1024.webp\" alt=\"\" class=\"wp-image-14724\"\/><\/figure>\n<\/div>\n\n\n\n<div class=\"wp-block-column is-layout-flow wp-block-column-is-layout-flow\">\n<figure class=\"wp-block-image size-large\"><img decoding=\"async\" width=\"683\" height=\"1024\" src=\"http:\/\/www.asmallkitcheningenoa.com\/wp-content\/uploads\/2024\/03\/idee-per-aperitivo-683x1024.webp\" alt=\"\" class=\"wp-image-14726\"\/><\/figure>\n<\/div>\n<\/div>\n\n\n\n<div style=\"height:20px\" aria-hidden=\"true\" class=\"wp-block-spacer\"><\/div>\n\n\n\n<p>Del resto come possono non invitare dei biscottini salati caldi di forno che sprigionano un sottile profumo di prati in fiore?&nbsp; E come possono non chiamare un altro assaggio quando&nbsp; il primo ti si \u00e8 sciolto in bocca in tutta la sua burrosa fragranza? Vogliamo poi parlare di quelle foglioline messe l\u00ec di bellezza che gi\u00e0 da sole sono una gioia per gli occhi?<\/p>\n\n\n\n<p>Aggiungo, dal lato di chi cucina, che prepararli regala una grandissima soddisfazione. Ti ho convinto, vero?<\/p>\n\n\n\n<div style=\"height:20px\" aria-hidden=\"true\" class=\"wp-block-spacer\"><\/div>\n\n\n\n<div class=\"wp-block-columns is-layout-flex wp-container-core-columns-is-layout-9d6595d7 wp-block-columns-is-layout-flex\">\n<div class=\"wp-block-column is-layout-flow wp-block-column-is-layout-flow\">\n<figure class=\"wp-block-image size-large\"><img decoding=\"async\" width=\"683\" height=\"1024\" src=\"http:\/\/www.asmallkitcheningenoa.com\/wp-content\/uploads\/2024\/03\/ricetta-salatini-alle-erbe-683x1024.webp\" alt=\"\" class=\"wp-image-14728\"\/><\/figure>\n<\/div>\n\n\n\n<div class=\"wp-block-column is-layout-flow wp-block-column-is-layout-flow\">\n<figure class=\"wp-block-image size-large\"><img decoding=\"async\" width=\"683\" height=\"1024\" src=\"http:\/\/www.asmallkitcheningenoa.com\/wp-content\/uploads\/2024\/03\/idee-aperitivo-fabbrizii-salatini-683x1024.webp\" alt=\"\" class=\"wp-image-14742\"\/><\/figure>\n<\/div>\n<\/div>\n\n\n\n<div style=\"height:20px\" aria-hidden=\"true\" class=\"wp-block-spacer\"><\/div>\n\n\n\n<p>Un consiglio strategico: visto che sono ottimi caldi \u2013 e per questo ti consiglio di portarli a tavola appena usciti dal forno ed avvolti in un tovagliolo \u2013 puoi prepararli in anticipo, stenderli sulla placca da forno, e metterli in frigo prima della cottura.&nbsp; Poi, mentre prepari l\u2019aperitivo per i tuoi amici, loro cuociono felici nel forno, bastano 10 minuti!<\/p>\n\n\n\n<div style=\"height:20px\" aria-hidden=\"true\" class=\"wp-block-spacer\"><\/div>\n\n\n\n<figure class=\"wp-block-image size-large\"><img decoding=\"async\" width=\"1024\" height=\"683\" src=\"http:\/\/www.asmallkitcheningenoa.com\/wp-content\/uploads\/2024\/03\/biscotti-salati-alle-erbe-1024x683.webp\" alt=\"\" class=\"wp-image-14732\" srcset=\"http:\/\/www.asmallkitcheningenoa.com\/wp-content\/uploads\/2024\/03\/biscotti-salati-alle-erbe-1024x683.webp 1024w, http:\/\/www.asmallkitcheningenoa.com\/wp-content\/uploads\/2024\/03\/biscotti-salati-alle-erbe-980x653.webp 980w, http:\/\/www.asmallkitcheningenoa.com\/wp-content\/uploads\/2024\/03\/biscotti-salati-alle-erbe-480x320.webp 480w\" sizes=\"(min-width: 0px) and (max-width: 480px) 480px, (min-width: 481px) and (max-width: 980px) 980px, (min-width: 981px) 1024px, 100vw\" \/><\/figure>\n\n\n\n<div style=\"height:20px\" aria-hidden=\"true\" class=\"wp-block-spacer\"><\/div>\n\n\n\n<p>Quale aperitivo offrire? Io li ho accostati ad un aperitivo leggermente alcolico preparato con una mia grande passione primaverile, l\u2019<a href=\"https:\/\/www.liquorificiofabbrizii.com\/prodotto\/aperitivo-fabbrizii\/\" target=\"_blank\" rel=\"noopener\">Aperitivo Fabbrizii<\/a>.&nbsp; Un liquore leggero (16%) dalle note dolci, profumate e marcatamente agrumate, ideale per le prime bicchierate all\u2019aperto.<\/p>\n\n\n\n<p>Per renderlo un poco pi\u00f9 frizzante, leggero e bitter l\u2019ho mixato (\u2153) con acqua tonica Fever Tree, anch\u2019essa con un richiamo agli agrumi.&nbsp; Qualche cubetto di ghiaccio,&nbsp; una fetta d\u2019arancia e via, il cocktail&nbsp; \u00e8 servito!<\/p>\n\n\n\n<p>Non dimenticare di tirare fuori di biscotti dal forno!<\/p>\n\n\n\n<div style=\"height:20px\" aria-hidden=\"true\" class=\"wp-block-spacer\"><\/div>\n\n\n\n<div class=\"wp-block-columns is-layout-flex wp-container-core-columns-is-layout-9d6595d7 wp-block-columns-is-layout-flex\">\n<div class=\"wp-block-column is-layout-flow wp-block-column-is-layout-flow\">\n<figure class=\"wp-block-image size-large\"><img decoding=\"async\" width=\"683\" height=\"1024\" src=\"http:\/\/www.asmallkitcheningenoa.com\/wp-content\/uploads\/2024\/03\/ricetta-biscotti-erbe-683x1024.webp\" alt=\"\" class=\"wp-image-14734\"\/><\/figure>\n<\/div>\n\n\n\n<div class=\"wp-block-column is-layout-flow wp-block-column-is-layout-flow\">\n<figure class=\"wp-block-image size-large\"><img decoding=\"async\" width=\"683\" height=\"1024\" src=\"http:\/\/www.asmallkitcheningenoa.com\/wp-content\/uploads\/2024\/03\/ricetta-biscotti-erbe-aromatiche-683x1024.webp\" alt=\"\" class=\"wp-image-14736\"\/><\/figure>\n<\/div>\n<\/div>\n\n\n\n<div style=\"height:20px\" aria-hidden=\"true\" class=\"wp-block-spacer\"><\/div>\n\n\n\n<p>Vuoi qualche altra idea per un aperitivo ligure?<\/p>\n\n\n\n<p>Se sei alla ricerca anche di altre ispirazioni per i tuoi aperitivi estivi sempre ispirati alla mia soleggiata Liguria, poi dare un\u2019occhiata al post \u201c<a href=\"https:\/\/www.asmallkitcheningenoa.com\/it\/il-mio-aperitivo-ligure-e-la-ricetta-della-salvia-fritta\/\">il mio aperitivo ligure e la ricetta della salvia fritta<\/a>\u201d dove ti racconto tutto quello che qui normalmente si porta in tavola per un grande aperitivo tra amici (inclusa si la salvia fritta fatta all\u2019ultimo minuto) oppure al post \u201c<a href=\"https:\/\/www.asmallkitcheningenoa.com\/it\/il-nostro-aperitivo-nel-vicolo-e-le-panissette\/\">il nostro aperitivo nel vicolo e le panissette<\/a>\u201d dove invece ti racconto degli aperitivi estivi nella nostra casa al mare, anzi fuori, nel vicolo.<\/p>\n\n\n\n<p>Altre buone ricette da preparare ed offrire agli amici tra un bicchiere e l\u2019altro possono essere le&nbsp;<a href=\"https:\/\/www.asmallkitcheningenoa.com\/it\/frittelle-di-borragini-frisceu-de-boraxi\/\">frittelle di borragini<\/a>, i&nbsp;<a href=\"https:\/\/www.asmallkitcheningenoa.com\/it\/frisceu-di-baccala\/\">frisceu di baccal\u00e0<\/a>, e i&nbsp;<a href=\"https:\/\/www.asmallkitcheningenoa.com\/it\/crostini-con-prebuggiun-e-prescinseua\/\">crostini di prescinseua e prebuggiun<\/a>! C\u2019\u00e8 l\u2019imbarazzo della scelta, come per i biscottini alle erbe aromatiche!<\/p>\n\n\n\n<p>Ma adesso ecco la ricetta dei biscotti alle erbe aromatiche, buon divertimento!<\/p>\n\n\n\n<div style=\"height:20px\" aria-hidden=\"true\" class=\"wp-block-spacer\"><\/div>\n\n\n<style>\n    #zrdn-recipe-container {background-color:#ffffff;}#zrdn-recipe-container {border-color:#000000;}#zrdn-recipe-container, #zrdn-recipe-container h2, #zrdn-recipe-container h3, #zrdn-recipe-container h4 {color:#000000;}                   #zrdn-recipe-container ol.zrdn-bordered li:before,\n            #zrdn-recipe-container ul.zrdn-bordered li:before{\n                border: 2px solid #000000;\n                color: #000000;\n            }\n            #zrdn-recipe-container ol.zrdn-solid li:before,\n            #zrdn-recipe-container ul.zrdn-solid li:before{\n                background-color: #000000;\n            }\n            #zrdn-recipe-container ul.bullets li:before,\n            #zrdn-recipe-container ol.zrdn-counter li:before,\n            #zrdn-recipe-container ul.zrdn-counter li:before {\n                color: #000000;\n            }\n            #zrdn-recipe-container .zrdn-tag-item a, #zrdn-recipe-container .zrdn-tag-item{\n                color:#000000;\n            }\n       #zrdn-recipe-container {border-style:solid;}#zrdn-recipe-container a {color:#000000;}#zrdn-recipe-container {border-width:1px;}#zrdn-recipe-container {border-color:#000000;}#zrdn-recipe-container {border-radius:0px;}\n<\/style>\n<div id=\"zrdn-recipe-container\" class=\"default zrdn-recipe-250 zrdn-jump-to-link\" >\n    <div class=\"zrdn-block zrdn-block-100\">\n\t<div class=\"zrdn-block-wrap zrdn-recipe_title\"  ><h2 class=\"zrdn-element_recipe_title\">I miei biscotti alle erbe aromatiche<\/h2>\n<\/div>\n<div class=\"zrdn-block-wrap zrdn-actions\"  >\n\t\n\t<div class=\"zrdn-print-link\">\n\t\t\t\t<a title=\"Stampa questa ricetta\" href=\"javascript:void(0);\" onclick=\"zlrPrint('zrdn-recipe-container', 'https:\/\/www.asmallkitcheningenoa.com\/wp-content\/plugins\/zip-recipes\/'); return false\" rel=\"nofollow\">\n            <img decoding=\"async\" src=\"https:\/\/www.asmallkitcheningenoa.com\/wp-content\/plugins\/zip-recipes\/\/images\/print.png\" alt=\"Stampa questa ricetta\">\n\t\t<\/a>\n\t<\/div>\n<\/div>\n<div class=\"zrdn-block-wrap zrdn-divider\"  ><div class=\"zrdn-block-divider\"><\/div><\/div>\n\n<\/div><div class=\"zrdn-block zrdn-block-100\">\n\t<div class=\"zrdn-block-wrap zrdn-ingredients\"  ><h3 class=\"zrdn-recipe-label zrdn-ingredients-label\">\n    Ingredienti<\/h3>\n\n\n<ul class=\"zrdn-list zrdn-ingredients-list nobullets zrdn-element_ingredients\">\n            <li>400 g di farina 00\r<\/li>\n\n            \n            <li>6 g (1 cucchiaino) di lievito in polvere\r<\/li>\n\n            \n            <li>6 g di sale\r<\/li>\n\n            \n            <li>200 ml di latte intero\r<\/li>\n\n            \n            <li>120 g di burro\r<\/li>\n\n            \n            <li>Un mazzetto di salvia fresca\r<\/li>\n\n            \n            <li>Un mazzetto di rosmarino fresco\r<\/li>\n\n            \n            <li>Un mazzetto di maggiorana fresca<\/li>\n\n            <\/ul>\n\n<\/div>\n<div class=\"zrdn-block-wrap zrdn-instructions\"  >    <h3 class=\"zrdn-recipe-label zrdn-instructions-label\">\n        Istruzioni    <\/h3>\n<ul class=\"zrdn-list zrdn-instructions-list nobullets  zrdn-element_instructions\">\n\t\t            <li>Preriscaldare il forno a 250\u00b0C.\r<\/li>\n\t\t\n\t\t            <li>Tritate finemente e separatamente le erbe aromatiche, tenendo da parte una ventina di foglie di ciascun tipo per decorare i biscotti.\r<\/li>\n\t\t\n\t\t            <li>Setacciare insieme farina, lievito e sale. Praticate un cratere all\u2019interno della farina e versatevi all\u2019interno il burro a cubetti e il latte. Amalgamate con una forchetta fino ad ottenere un impasto che stia insieme (non impastate troppo).\r<\/li>\n\t\t\n\t\t            <li>Dividete l\u2019impasto in tre parti. A ciascuna parte aggiungete due cucchiaini di un solo tipo di erbe aromatiche tritate.\r<\/li>\n\t\t\n\t\t            <li>Su una superficie ben infarinata, stendete la pasta con il mattarello fino allo spessore di mezzo centimetro. Ricavate dei dischi del diametro di circa 5 cm con un coppa-pasta o con un piccolo bicchiere da amaro. Stendete su una placca ricoperta di carta da forno e su ciascun disco imprimete una foglia dell\u2019erba aromatica corrispondente.\r<\/li>\n\t\t\n\t\t            <li>Cuocete per circa 10 minuti, fino a quando i biscotti non saranno leggermente dorati.\r<\/li>\n\t\t\n\t\t            <li>Portate in tavola avvolti in un tovagliolo per servirli caldi.\r<\/li>\n\t\t\n\t\t            <li>Questa ricetta e il cocktail proposto sono stati sviluppati in collaborazione con il <a href=\"https:\/\/www.liquorificiofabbrizii.com\/.\" target=\"_blank\">Nuovo Liquorificio Fabbrizii in Val d\u2019Aveto<\/a><\/li>\n\t\t<\/ul><\/div>\n\n<\/div><div class=\"zrdn-block zrdn-block-0 print\">\n\t<div class=\"zrdn-block-wrap zrdn-permalink\"  ><\/div>\n\n<\/div><div class=\"zrdn-block zrdn-block-0\">\n\t<div class=\"zrdn-block-wrap zrdn-jsonld\"  ><script type=\"application\/ld+json\">\n    {\"@context\":\"http:\\\/\\\/schema.org\",\"@type\":\"Recipe\",\"description\":\"I miei biscotti alle erbe aromatiche\",\"image\":[\"https:\\\/\\\/www.asmallkitcheningenoa.com\\\/wp-content\\\/uploads\\\/2024\\\/03\\\/biscotti-erbette-aromatiche-Aperitivo-Fabbrizii-1080x1200.webp\",\"https:\\\/\\\/www.asmallkitcheningenoa.com\\\/wp-content\\\/uploads\\\/2024\\\/03\\\/biscotti-erbette-aromatiche-Aperitivo-Fabbrizii-1080x900.webp\",\"https:\\\/\\\/www.asmallkitcheningenoa.com\\\/wp-content\\\/uploads\\\/2024\\\/03\\\/biscotti-erbette-aromatiche-Aperitivo-Fabbrizii-1080x900.webp\"],\"recipeIngredient\":[\"400 g di farina 00\\r\",\"6 g (1 cucchiaino) di lievito in polvere\\r\",\"6 g di sale\\r\",\"200 ml di latte intero\\r\",\"120 g di burro\\r\",\"Un mazzetto di salvia fresca\\r\",\"Un mazzetto di rosmarino fresco\\r\",\"Un mazzetto di maggiorana fresca\"],\"name\":\"I miei biscotti alle erbe aromatiche\",\"recipeCategory\":\"Pane &amp; Co.\",\"recipeCuisine\":\"Ligure\",\"cookTime\":\"PT10H0M\",\"prepTime\":\"PT25H0M\",\"recipeInstructions\":[\"Preriscaldare il forno a 250\\u00b0C.\\r\",\"Tritate finemente e separatamente le erbe aromatiche, tenendo da parte una ventina di foglie di ciascun tipo per decorare i biscotti.\\r\",\"Setacciare insieme farina, lievito e sale. Praticate un cratere all\\u2019interno della farina e versatevi all\\u2019interno il burro a cubetti e il latte. Amalgamate con una forchetta fino ad ottenere un impasto che stia insieme (non impastate troppo).\\r\",\"Dividete l\\u2019impasto in tre parti. A ciascuna parte aggiungete due cucchiaini di un solo tipo di erbe aromatiche tritate.\\r\",\"Su una superficie ben infarinata, stendete la pasta con il mattarello fino allo spessore di mezzo centimetro. Ricavate dei dischi del diametro di circa 5 cm con un coppa-pasta o con un piccolo bicchiere da amaro. Stendete su una placca ricoperta di carta da forno e su ciascun disco imprimete una foglia dell\\u2019erba aromatica corrispondente.\\r\",\"Cuocete per circa 10 minuti, fino a quando i biscotti non saranno leggermente dorati.\\r\",\"Portate in tavola avvolti in un tovagliolo per servirli caldi.\\r\",\"Questa ricetta e il cocktail proposto sono stati sviluppati in collaborazione con il Nuovo Liquorificio Fabbrizii in Val d\\u2019Aveto\"],\"recipeYield\":\"6 persone\",\"keywords\":\"aperitivo,primavera\",\"totalTime\":\"PT35H0M\",\"author\":{\"@type\":\"Person\",\"name\":\"Enrica\"}}<\/script><\/div>\n\n<\/div>\n<\/div>\n\n\n<div style=\"height:20px\" aria-hidden=\"true\" class=\"wp-block-spacer\"><\/div>\n\n\n\n<figure class=\"wp-block-image size-large\"><img decoding=\"async\" width=\"683\" height=\"1024\" src=\"http:\/\/www.asmallkitcheningenoa.com\/wp-content\/uploads\/2024\/03\/biscotti-erbette-aromatiche-Aperitivo-Fabbrizii-683x1024.webp\" alt=\"\" class=\"wp-image-14738\"\/><\/figure>\n","protected":false},"excerpt":{"rendered":"<p>Prova questo, e poi questo, e poi questo. Quale ti piace di pi\u00f9? Salvia, maggiorana, rosmarino? Non sai decidere! Forse \u00e8 meglio fare un altro giro. Ecco cosa succede se porti in tavola un cestino fumante di biscotti alle erbe aromatiche. Tutti si lasciano andare volentieri all\u2019imbarazzo della scelta del pi\u00f9 buono.&nbsp; Del resto come [&hellip;]<\/p>\n","protected":false},"author":2,"featured_media":14738,"comment_status":"closed","ping_status":"open","sticky":false,"template":"","format":"standard","meta":{"_et_pb_use_builder":"","_et_pb_old_content":"","_et_gb_content_width":"","footnotes":""},"categories":[53,45],"tags":[326,125],"class_list":["post-14721","post","type-post","status-publish","format-standard","has-post-thumbnail","hentry","category-pane-co","category-ricette-liguri","tag-aperitivo-it","tag-primavera"],"yoast_head":"<!-- This site is optimized with the Yoast SEO plugin v27.3 - https:\/\/yoast.com\/product\/yoast-seo-wordpress\/ -->\n<title>I miei biscotti alle erbe aromatiche - A Small Kitchen in Genoa<\/title>\n<meta name=\"description\" content=\"Biscotti salati belli caldi alle erbe aromatiche, accompagnati con un aperitivo leggermente alcolico preparato con l\u2019Aperitivo Fabbrizii.\" \/>\n<meta name=\"robots\" content=\"index, follow, max-snippet:-1, max-image-preview:large, max-video-preview:-1\" \/>\n<link rel=\"canonical\" href=\"https:\/\/www.asmallkitcheningenoa.com\/it\/i-miei-biscotti-alle-erbe-aromatiche\/\" \/>\n<meta property=\"og:locale\" content=\"it_IT\" \/>\n<meta property=\"og:type\" content=\"article\" \/>\n<meta property=\"og:title\" content=\"I miei biscotti alle erbe aromatiche - A Small Kitchen in Genoa\" \/>\n<meta property=\"og:description\" content=\"Biscotti salati belli caldi alle erbe aromatiche, accompagnati con un aperitivo leggermente alcolico preparato con l\u2019Aperitivo Fabbrizii.\" \/>\n<meta property=\"og:url\" content=\"https:\/\/www.asmallkitcheningenoa.com\/it\/i-miei-biscotti-alle-erbe-aromatiche\/\" \/>\n<meta property=\"og:site_name\" content=\"A Small Kitchen in Genoa\" \/>\n<meta property=\"article:published_time\" content=\"2023-03-24T09:54:00+00:00\" \/>\n<meta property=\"article:modified_time\" content=\"2026-01-28T16:30:06+00:00\" \/>\n<meta property=\"og:image\" content=\"https:\/\/www.asmallkitcheningenoa.com\/wp-content\/uploads\/2024\/03\/biscotti-erbette-aromatiche-Aperitivo-Fabbrizii.webp\" \/>\n\t<meta property=\"og:image:width\" content=\"1080\" \/>\n\t<meta property=\"og:image:height\" content=\"1620\" \/>\n\t<meta property=\"og:image:type\" content=\"image\/webp\" \/>\n<meta name=\"author\" content=\"Enrica\" \/>\n<meta name=\"twitter:card\" content=\"summary_large_image\" \/>\n<meta name=\"twitter:creator\" content=\"@smallkitchengoa\" \/>\n<meta name=\"twitter:site\" content=\"@smallkitchengoa\" \/>\n<meta name=\"twitter:label1\" content=\"Scritto da\" \/>\n\t<meta name=\"twitter:data1\" content=\"Enrica\" \/>\n\t<meta name=\"twitter:label2\" content=\"Tempo di lettura stimato\" \/>\n\t<meta name=\"twitter:data2\" content=\"1 minuto\" \/>\n<script type=\"application\/ld+json\" class=\"yoast-schema-graph\">{\"@context\":\"https:\\\/\\\/schema.org\",\"@graph\":[{\"@type\":\"Article\",\"@id\":\"https:\\\/\\\/www.asmallkitcheningenoa.com\\\/it\\\/i-miei-biscotti-alle-erbe-aromatiche\\\/#article\",\"isPartOf\":{\"@id\":\"https:\\\/\\\/www.asmallkitcheningenoa.com\\\/it\\\/i-miei-biscotti-alle-erbe-aromatiche\\\/\"},\"author\":{\"name\":\"Enrica\",\"@id\":\"https:\\\/\\\/www.asmallkitcheningenoa.com\\\/it\\\/#\\\/schema\\\/person\\\/16146b00827b1c550e8c907884fd2c1d\"},\"headline\":\"I miei biscotti alle erbe aromatiche\",\"datePublished\":\"2023-03-24T09:54:00+00:00\",\"dateModified\":\"2026-01-28T16:30:06+00:00\",\"mainEntityOfPage\":{\"@id\":\"https:\\\/\\\/www.asmallkitcheningenoa.com\\\/it\\\/i-miei-biscotti-alle-erbe-aromatiche\\\/\"},\"wordCount\":444,\"publisher\":{\"@id\":\"https:\\\/\\\/www.asmallkitcheningenoa.com\\\/it\\\/#\\\/schema\\\/person\\\/16146b00827b1c550e8c907884fd2c1d\"},\"image\":{\"@id\":\"https:\\\/\\\/www.asmallkitcheningenoa.com\\\/it\\\/i-miei-biscotti-alle-erbe-aromatiche\\\/#primaryimage\"},\"thumbnailUrl\":\"https:\\\/\\\/www.asmallkitcheningenoa.com\\\/wp-content\\\/uploads\\\/2024\\\/03\\\/biscotti-erbette-aromatiche-Aperitivo-Fabbrizii.webp\",\"keywords\":[\"aperitivo\",\"primavera\"],\"articleSection\":[\"Pane &amp; Co.\",\"Ricette liguri\"],\"inLanguage\":\"it-IT\"},{\"@type\":\"WebPage\",\"@id\":\"https:\\\/\\\/www.asmallkitcheningenoa.com\\\/it\\\/i-miei-biscotti-alle-erbe-aromatiche\\\/\",\"url\":\"https:\\\/\\\/www.asmallkitcheningenoa.com\\\/it\\\/i-miei-biscotti-alle-erbe-aromatiche\\\/\",\"name\":\"I miei biscotti alle erbe aromatiche - A Small Kitchen in Genoa\",\"isPartOf\":{\"@id\":\"https:\\\/\\\/www.asmallkitcheningenoa.com\\\/it\\\/#website\"},\"primaryImageOfPage\":{\"@id\":\"https:\\\/\\\/www.asmallkitcheningenoa.com\\\/it\\\/i-miei-biscotti-alle-erbe-aromatiche\\\/#primaryimage\"},\"image\":{\"@id\":\"https:\\\/\\\/www.asmallkitcheningenoa.com\\\/it\\\/i-miei-biscotti-alle-erbe-aromatiche\\\/#primaryimage\"},\"thumbnailUrl\":\"https:\\\/\\\/www.asmallkitcheningenoa.com\\\/wp-content\\\/uploads\\\/2024\\\/03\\\/biscotti-erbette-aromatiche-Aperitivo-Fabbrizii.webp\",\"datePublished\":\"2023-03-24T09:54:00+00:00\",\"dateModified\":\"2026-01-28T16:30:06+00:00\",\"description\":\"Biscotti salati belli caldi alle erbe aromatiche, accompagnati con un aperitivo leggermente alcolico preparato con l\u2019Aperitivo Fabbrizii.\",\"breadcrumb\":{\"@id\":\"https:\\\/\\\/www.asmallkitcheningenoa.com\\\/it\\\/i-miei-biscotti-alle-erbe-aromatiche\\\/#breadcrumb\"},\"inLanguage\":\"it-IT\",\"potentialAction\":[{\"@type\":\"ReadAction\",\"target\":[\"https:\\\/\\\/www.asmallkitcheningenoa.com\\\/it\\\/i-miei-biscotti-alle-erbe-aromatiche\\\/\"]}]},{\"@type\":\"ImageObject\",\"inLanguage\":\"it-IT\",\"@id\":\"https:\\\/\\\/www.asmallkitcheningenoa.com\\\/it\\\/i-miei-biscotti-alle-erbe-aromatiche\\\/#primaryimage\",\"url\":\"https:\\\/\\\/www.asmallkitcheningenoa.com\\\/wp-content\\\/uploads\\\/2024\\\/03\\\/biscotti-erbette-aromatiche-Aperitivo-Fabbrizii.webp\",\"contentUrl\":\"https:\\\/\\\/www.asmallkitcheningenoa.com\\\/wp-content\\\/uploads\\\/2024\\\/03\\\/biscotti-erbette-aromatiche-Aperitivo-Fabbrizii.webp\",\"width\":1080,\"height\":1620},{\"@type\":\"BreadcrumbList\",\"@id\":\"https:\\\/\\\/www.asmallkitcheningenoa.com\\\/it\\\/i-miei-biscotti-alle-erbe-aromatiche\\\/#breadcrumb\",\"itemListElement\":[{\"@type\":\"ListItem\",\"position\":1,\"name\":\"Home\",\"item\":\"https:\\\/\\\/www.asmallkitcheningenoa.com\\\/it\\\/\"},{\"@type\":\"ListItem\",\"position\":2,\"name\":\"Ricette\",\"item\":\"https:\\\/\\\/www.asmallkitcheningenoa.com\\\/it\\\/category\\\/ricette\\\/\"},{\"@type\":\"ListItem\",\"position\":3,\"name\":\"Ricette liguri\",\"item\":\"https:\\\/\\\/www.asmallkitcheningenoa.com\\\/it\\\/category\\\/ricette\\\/ricette-liguri\\\/\"},{\"@type\":\"ListItem\",\"position\":4,\"name\":\"I miei biscotti alle erbe aromatiche\"}]},{\"@type\":\"WebSite\",\"@id\":\"https:\\\/\\\/www.asmallkitcheningenoa.com\\\/it\\\/#website\",\"url\":\"https:\\\/\\\/www.asmallkitcheningenoa.com\\\/it\\\/\",\"name\":\"A Small Kitchen in Genoa\",\"description\":\"Recipes and slow food stories from the Italian Riviera\",\"publisher\":{\"@id\":\"https:\\\/\\\/www.asmallkitcheningenoa.com\\\/it\\\/#\\\/schema\\\/person\\\/16146b00827b1c550e8c907884fd2c1d\"},\"potentialAction\":[{\"@type\":\"SearchAction\",\"target\":{\"@type\":\"EntryPoint\",\"urlTemplate\":\"https:\\\/\\\/www.asmallkitcheningenoa.com\\\/it\\\/?s={search_term_string}\"},\"query-input\":{\"@type\":\"PropertyValueSpecification\",\"valueRequired\":true,\"valueName\":\"search_term_string\"}}],\"inLanguage\":\"it-IT\"},{\"@type\":[\"Person\",\"Organization\"],\"@id\":\"https:\\\/\\\/www.asmallkitcheningenoa.com\\\/it\\\/#\\\/schema\\\/person\\\/16146b00827b1c550e8c907884fd2c1d\",\"name\":\"Enrica\",\"image\":{\"@type\":\"ImageObject\",\"inLanguage\":\"it-IT\",\"@id\":\"https:\\\/\\\/www.asmallkitcheningenoa.com\\\/wp-content\\\/uploads\\\/2019\\\/12\\\/Enrica-Monzani-_asmallkitcheningenoa_-2.jpg\",\"url\":\"https:\\\/\\\/www.asmallkitcheningenoa.com\\\/wp-content\\\/uploads\\\/2019\\\/12\\\/Enrica-Monzani-_asmallkitcheningenoa_-2.jpg\",\"contentUrl\":\"https:\\\/\\\/www.asmallkitcheningenoa.com\\\/wp-content\\\/uploads\\\/2019\\\/12\\\/Enrica-Monzani-_asmallkitcheningenoa_-2.jpg\",\"width\":800,\"height\":791,\"caption\":\"Enrica\"},\"logo\":{\"@id\":\"https:\\\/\\\/www.asmallkitcheningenoa.com\\\/wp-content\\\/uploads\\\/2019\\\/12\\\/Enrica-Monzani-_asmallkitcheningenoa_-2.jpg\"}}]}<\/script>\n<!-- \/ Yoast SEO plugin. -->","yoast_head_json":{"title":"I miei biscotti alle erbe aromatiche - A Small Kitchen in Genoa","description":"Biscotti salati belli caldi alle erbe aromatiche, accompagnati con un aperitivo leggermente alcolico preparato con l\u2019Aperitivo Fabbrizii.","robots":{"index":"index","follow":"follow","max-snippet":"max-snippet:-1","max-image-preview":"max-image-preview:large","max-video-preview":"max-video-preview:-1"},"canonical":"https:\/\/www.asmallkitcheningenoa.com\/it\/i-miei-biscotti-alle-erbe-aromatiche\/","og_locale":"it_IT","og_type":"article","og_title":"I miei biscotti alle erbe aromatiche - A Small Kitchen in Genoa","og_description":"Biscotti salati belli caldi alle erbe aromatiche, accompagnati con un aperitivo leggermente alcolico preparato con l\u2019Aperitivo Fabbrizii.","og_url":"https:\/\/www.asmallkitcheningenoa.com\/it\/i-miei-biscotti-alle-erbe-aromatiche\/","og_site_name":"A Small Kitchen in Genoa","article_published_time":"2023-03-24T09:54:00+00:00","article_modified_time":"2026-01-28T16:30:06+00:00","og_image":[{"width":1080,"height":1620,"url":"https:\/\/www.asmallkitcheningenoa.com\/wp-content\/uploads\/2024\/03\/biscotti-erbette-aromatiche-Aperitivo-Fabbrizii.webp","type":"image\/webp"}],"author":"Enrica","twitter_card":"summary_large_image","twitter_creator":"@smallkitchengoa","twitter_site":"@smallkitchengoa","twitter_misc":{"Scritto da":"Enrica","Tempo di lettura stimato":"1 minuto"},"schema":{"@context":"https:\/\/schema.org","@graph":[{"@type":"Article","@id":"https:\/\/www.asmallkitcheningenoa.com\/it\/i-miei-biscotti-alle-erbe-aromatiche\/#article","isPartOf":{"@id":"https:\/\/www.asmallkitcheningenoa.com\/it\/i-miei-biscotti-alle-erbe-aromatiche\/"},"author":{"name":"Enrica","@id":"https:\/\/www.asmallkitcheningenoa.com\/it\/#\/schema\/person\/16146b00827b1c550e8c907884fd2c1d"},"headline":"I miei biscotti alle erbe aromatiche","datePublished":"2023-03-24T09:54:00+00:00","dateModified":"2026-01-28T16:30:06+00:00","mainEntityOfPage":{"@id":"https:\/\/www.asmallkitcheningenoa.com\/it\/i-miei-biscotti-alle-erbe-aromatiche\/"},"wordCount":444,"publisher":{"@id":"https:\/\/www.asmallkitcheningenoa.com\/it\/#\/schema\/person\/16146b00827b1c550e8c907884fd2c1d"},"image":{"@id":"https:\/\/www.asmallkitcheningenoa.com\/it\/i-miei-biscotti-alle-erbe-aromatiche\/#primaryimage"},"thumbnailUrl":"https:\/\/www.asmallkitcheningenoa.com\/wp-content\/uploads\/2024\/03\/biscotti-erbette-aromatiche-Aperitivo-Fabbrizii.webp","keywords":["aperitivo","primavera"],"articleSection":["Pane &amp; Co.","Ricette liguri"],"inLanguage":"it-IT"},{"@type":"WebPage","@id":"https:\/\/www.asmallkitcheningenoa.com\/it\/i-miei-biscotti-alle-erbe-aromatiche\/","url":"https:\/\/www.asmallkitcheningenoa.com\/it\/i-miei-biscotti-alle-erbe-aromatiche\/","name":"I miei biscotti alle erbe aromatiche - A Small Kitchen in Genoa","isPartOf":{"@id":"https:\/\/www.asmallkitcheningenoa.com\/it\/#website"},"primaryImageOfPage":{"@id":"https:\/\/www.asmallkitcheningenoa.com\/it\/i-miei-biscotti-alle-erbe-aromatiche\/#primaryimage"},"image":{"@id":"https:\/\/www.asmallkitcheningenoa.com\/it\/i-miei-biscotti-alle-erbe-aromatiche\/#primaryimage"},"thumbnailUrl":"https:\/\/www.asmallkitcheningenoa.com\/wp-content\/uploads\/2024\/03\/biscotti-erbette-aromatiche-Aperitivo-Fabbrizii.webp","datePublished":"2023-03-24T09:54:00+00:00","dateModified":"2026-01-28T16:30:06+00:00","description":"Biscotti salati belli caldi alle erbe aromatiche, accompagnati con un aperitivo leggermente alcolico preparato con l\u2019Aperitivo Fabbrizii.","breadcrumb":{"@id":"https:\/\/www.asmallkitcheningenoa.com\/it\/i-miei-biscotti-alle-erbe-aromatiche\/#breadcrumb"},"inLanguage":"it-IT","potentialAction":[{"@type":"ReadAction","target":["https:\/\/www.asmallkitcheningenoa.com\/it\/i-miei-biscotti-alle-erbe-aromatiche\/"]}]},{"@type":"ImageObject","inLanguage":"it-IT","@id":"https:\/\/www.asmallkitcheningenoa.com\/it\/i-miei-biscotti-alle-erbe-aromatiche\/#primaryimage","url":"https:\/\/www.asmallkitcheningenoa.com\/wp-content\/uploads\/2024\/03\/biscotti-erbette-aromatiche-Aperitivo-Fabbrizii.webp","contentUrl":"https:\/\/www.asmallkitcheningenoa.com\/wp-content\/uploads\/2024\/03\/biscotti-erbette-aromatiche-Aperitivo-Fabbrizii.webp","width":1080,"height":1620},{"@type":"BreadcrumbList","@id":"https:\/\/www.asmallkitcheningenoa.com\/it\/i-miei-biscotti-alle-erbe-aromatiche\/#breadcrumb","itemListElement":[{"@type":"ListItem","position":1,"name":"Home","item":"https:\/\/www.asmallkitcheningenoa.com\/it\/"},{"@type":"ListItem","position":2,"name":"Ricette","item":"https:\/\/www.asmallkitcheningenoa.com\/it\/category\/ricette\/"},{"@type":"ListItem","position":3,"name":"Ricette liguri","item":"https:\/\/www.asmallkitcheningenoa.com\/it\/category\/ricette\/ricette-liguri\/"},{"@type":"ListItem","position":4,"name":"I miei biscotti alle erbe aromatiche"}]},{"@type":"WebSite","@id":"https:\/\/www.asmallkitcheningenoa.com\/it\/#website","url":"https:\/\/www.asmallkitcheningenoa.com\/it\/","name":"A Small Kitchen in Genoa","description":"Recipes and slow food stories from the Italian Riviera","publisher":{"@id":"https:\/\/www.asmallkitcheningenoa.com\/it\/#\/schema\/person\/16146b00827b1c550e8c907884fd2c1d"},"potentialAction":[{"@type":"SearchAction","target":{"@type":"EntryPoint","urlTemplate":"https:\/\/www.asmallkitcheningenoa.com\/it\/?s={search_term_string}"},"query-input":{"@type":"PropertyValueSpecification","valueRequired":true,"valueName":"search_term_string"}}],"inLanguage":"it-IT"},{"@type":["Person","Organization"],"@id":"https:\/\/www.asmallkitcheningenoa.com\/it\/#\/schema\/person\/16146b00827b1c550e8c907884fd2c1d","name":"Enrica","image":{"@type":"ImageObject","inLanguage":"it-IT","@id":"https:\/\/www.asmallkitcheningenoa.com\/wp-content\/uploads\/2019\/12\/Enrica-Monzani-_asmallkitcheningenoa_-2.jpg","url":"https:\/\/www.asmallkitcheningenoa.com\/wp-content\/uploads\/2019\/12\/Enrica-Monzani-_asmallkitcheningenoa_-2.jpg","contentUrl":"https:\/\/www.asmallkitcheningenoa.com\/wp-content\/uploads\/2019\/12\/Enrica-Monzani-_asmallkitcheningenoa_-2.jpg","width":800,"height":791,"caption":"Enrica"},"logo":{"@id":"https:\/\/www.asmallkitcheningenoa.com\/wp-content\/uploads\/2019\/12\/Enrica-Monzani-_asmallkitcheningenoa_-2.jpg"}}]}},"_links":{"self":[{"href":"https:\/\/www.asmallkitcheningenoa.com\/it\/wp-json\/wp\/v2\/posts\/14721","targetHints":{"allow":["GET"]}}],"collection":[{"href":"https:\/\/www.asmallkitcheningenoa.com\/it\/wp-json\/wp\/v2\/posts"}],"about":[{"href":"https:\/\/www.asmallkitcheningenoa.com\/it\/wp-json\/wp\/v2\/types\/post"}],"author":[{"embeddable":true,"href":"https:\/\/www.asmallkitcheningenoa.com\/it\/wp-json\/wp\/v2\/users\/2"}],"replies":[{"embeddable":true,"href":"https:\/\/www.asmallkitcheningenoa.com\/it\/wp-json\/wp\/v2\/comments?post=14721"}],"version-history":[{"count":0,"href":"https:\/\/www.asmallkitcheningenoa.com\/it\/wp-json\/wp\/v2\/posts\/14721\/revisions"}],"wp:featuredmedia":[{"embeddable":true,"href":"https:\/\/www.asmallkitcheningenoa.com\/it\/wp-json\/wp\/v2\/media\/14738"}],"wp:attachment":[{"href":"https:\/\/www.asmallkitcheningenoa.com\/it\/wp-json\/wp\/v2\/media?parent=14721"}],"wp:term":[{"taxonomy":"category","embeddable":true,"href":"https:\/\/www.asmallkitcheningenoa.com\/it\/wp-json\/wp\/v2\/categories?post=14721"},{"taxonomy":"post_tag","embeddable":true,"href":"https:\/\/www.asmallkitcheningenoa.com\/it\/wp-json\/wp\/v2\/tags?post=14721"}],"curies":[{"name":"wp","href":"https:\/\/api.w.org\/{rel}","templated":true}]}}